{"id":10143,"date":"2023-10-15T11:08:32","date_gmt":"2023-10-15T16:08:32","guid":{"rendered":"https:\/\/www.tce.gob.ec\/?p=10143"},"modified":"2023-10-15T11:12:17","modified_gmt":"2023-10-15T16:12:17","slug":"el-pleno-del-tribunal-contencioso-electoral-participo-en-el-acto-inaugural-para-la-segunda-vuelta-de-las-elecciones-anticipadas-2023","status":"publish","type":"post","link":"https:\/\/www.tce.gob.ec\/index.php\/2023\/10\/15\/el-pleno-del-tribunal-contencioso-electoral-participo-en-el-acto-inaugural-para-la-segunda-vuelta-de-las-elecciones-anticipadas-2023\/","title":{"rendered":"El Pleno del Tribunal Contencioso Electoral particip\u00f3 en el acto inaugural para la segunda vuelta de las elecciones anticipadas 2023"},"content":{"rendered":"\n<p>Autoridades nacionales, de la Funci\u00f3n Electoral, observadores electorales nacionales e internacionales, cuerpos diplom\u00e1ticos, delegados de las organizaciones pol\u00edticas y miembros de las Fuerzas Armadas y de la Polic\u00eda Nacional, se dieron cita en el acto de inauguraci\u00f3n que arranc\u00f3 a las 6h00 de este 15 de octubre de 2023, en el marco de la segunda vuelta de elecciones presidenciales anticipadas 2023.<\/p>\n\n\n\n<p>El Dr. Fernando Mu\u00f1oz, presidente del Tribunal Contencioso Electoral, en su discurso de apertura, manifest\u00f3 que es un momento hist\u00f3rico para la democracia del pa\u00eds,&nbsp; hoy es el d\u00eda de la voluntad popular&#8221;.<\/p>\n\n\n\n<figure class=\"wp-block-image size-large\"><img loading=\"lazy\" decoding=\"async\" width=\"1160\" height=\"698\" src=\"https:\/\/www.tce.gob.ec\/wp-content\/uploads\/2023\/10\/Segunda-3-1160x698.jpeg\" alt=\"\" class=\"wp-image-10145\" srcset=\"https:\/\/www.tce.gob.ec\/wp-content\/uploads\/2023\/10\/Segunda-3-1160x698.jpeg 1160w, https:\/\/www.tce.gob.ec\/wp-content\/uploads\/2023\/10\/Segunda-3-719x433.jpeg 719w, https:\/\/www.tce.gob.ec\/wp-content\/uploads\/2023\/10\/Segunda-3-768x462.jpeg 768w, https:\/\/www.tce.gob.ec\/wp-content\/uploads\/2023\/10\/Segunda-3-1536x924.jpeg 1536w, https:\/\/www.tce.gob.ec\/wp-content\/uploads\/2023\/10\/Segunda-3.jpeg 1600w\" sizes=\"auto, (max-width: 1160px) 100vw, 1160px\" \/><\/figure>\n\n\n\n<p>Subray\u00f3 que es responsabilidad del Estado y en especial de la Funci\u00f3n Electoral garantizar que este proceso se lleve en absoluta transparencia, seguridad y respeto de las libertades y derechos de los ciudadanos.<\/p>\n\n\n\n<p>Tambi\u00e9n hizo un llamado a la prudencia y a no caer en la desinformaci\u00f3n; reiter\u00f3 que la integridad del proceso no puede ni debe ser comprometida por informaci\u00f3n no verificada. Dijo que el nivel de debate y promoci\u00f3n de las fuerzas pol\u00edticas en medios de comunicaci\u00f3n debe ser ponderado y no dar paso a noticias falsas que puedan distorsionar la verdadera decisi\u00f3n popular en las urnas.<\/p>\n\n\n\n<p>Por su parte el presidente de la Rep\u00fablica, Guillermo Lasso, invit\u00f3 a la ciudadan\u00eda a vivir una jornada c\u00edvica de forma pac\u00edfica y consciente. Destac\u00f3 el trabajo coordinado que ha sido ejecutado por el \u00f3rgano electoral y las Fuerzas Armadas para esta jornada electoral.<\/p>\n\n\n\n<p>Cabe mencionar que m\u00e1s de 13 millones de ecuatorianos se expresar\u00e1n en las urnas, para lo cual se habilit\u00f3 a 279 mil miembros de las juntas receptoras del voto;&nbsp; 57 mil delegados de partidos pol\u00edticos; miles de miembros de la funci\u00f3n electoral, Fuerzas Armadas, Polic\u00eda Nacional; 2000 observadores nacionales y 300 observadores internacionales, que de manera articulada y comprometida trabajan para que estos comicios electorales concluyan con respeto a la voluntad de los ecuatorianos, en esta segunda vuelta.<\/p>\n\n\n\n<figure class=\"wp-block-image size-large\"><img loading=\"lazy\" decoding=\"async\" width=\"1160\" height=\"773\" src=\"https:\/\/www.tce.gob.ec\/wp-content\/uploads\/2023\/10\/Segunda-4-1160x773.jpeg\" alt=\"\" class=\"wp-image-10146\" srcset=\"https:\/\/www.tce.gob.ec\/wp-content\/uploads\/2023\/10\/Segunda-4-1160x773.jpeg 1160w, https:\/\/www.tce.gob.ec\/wp-content\/uploads\/2023\/10\/Segunda-4-719x479.jpeg 719w, https:\/\/www.tce.gob.ec\/wp-content\/uploads\/2023\/10\/Segunda-4-768x512.jpeg 768w, https:\/\/www.tce.gob.ec\/wp-content\/uploads\/2023\/10\/Segunda-4.jpeg 1280w\" sizes=\"auto, (max-width: 1160px) 100vw, 1160px\" \/><\/figure>\n\n\n\n<p>Finalmente en su discurso de inauguraci\u00f3n la Mgs. Diana Atamint, presidenta del Consejo Nacional Electoral, hizo un llamado a todos los ecuatorianos a vivir una fiesta democr\u00e1tica, y a no permitir que las diferencias ideol\u00f3gicas debiliten la estabilidad democr\u00e1tica del pa\u00eds.<\/p>\n<div class=\"pdfprnt-buttons pdfprnt-buttons-post pdfprnt-bottom-right\"><a href=\"https:\/\/www.tce.gob.ec\/index.php\/wp-json\/wp\/v2\/posts\/10143?print=print\" class=\"pdfprnt-button pdfprnt-button-print\" target=\"_blank\"><span class=\"pdfprnt-button-title pdfprnt-button-print-title\">Imprimir<\/span><\/a><\/div>","protected":false},"excerpt":{"rendered":"<div class=\"entry-summary\">\nAutoridades nacionales, de la Funci\u00f3n Electoral, observadores electorales nacionales e internacionales, cuerpos diplom\u00e1ticos, delegados de las organizaciones pol\u00edticas&hellip;\n<\/div>\n<div class=\"link-more\"><a href=\"https:\/\/www.tce.gob.ec\/index.php\/2023\/10\/15\/el-pleno-del-tribunal-contencioso-electoral-participo-en-el-acto-inaugural-para-la-segunda-vuelta-de-las-elecciones-anticipadas-2023\/\" class=\"more-link\">Continuar leyendo<span class=\"screen-reader-text\"> &ldquo;El Pleno del Tribunal Contencioso Electoral particip\u00f3 en el acto inaugural para la segunda vuelta de las elecciones anticipadas 2023&rdquo;<\/span>&hellip;<\/a><\/div>\n","protected":false},"author":10,"featured_media":10148,"comment_status":"open","ping_status":"open","sticky":false,"template":"","format":"standard","meta":{"_monsterinsights_skip_tracking":false,"_monsterinsights_sitenote_active":false,"_monsterinsights_sitenote_note":"","_monsterinsights_sitenote_category":0,"footnotes":""},"categories":[30],"tags":[],"table_tags":[],"class_list":["post-10143","post","type-post","status-publish","format-standard","has-post-thumbnail","hentry","category-noticias","entry"],"amp_enabled":true,"_links":{"self":[{"href":"https:\/\/www.tce.gob.ec\/index.php\/wp-json\/wp\/v2\/posts\/10143","targetHints":{"allow":["GET"]}}],"collection":[{"href":"https:\/\/www.tce.gob.ec\/index.php\/wp-json\/wp\/v2\/posts"}],"about":[{"href":"https:\/\/www.tce.gob.ec\/index.php\/wp-json\/wp\/v2\/types\/post"}],"author":[{"embeddable":true,"href":"https:\/\/www.tce.gob.ec\/index.php\/wp-json\/wp\/v2\/users\/10"}],"replies":[{"embeddable":true,"href":"https:\/\/www.tce.gob.ec\/index.php\/wp-json\/wp\/v2\/comments?post=10143"}],"version-history":[{"count":1,"href":"https:\/\/www.tce.gob.ec\/index.php\/wp-json\/wp\/v2\/posts\/10143\/revisions"}],"predecessor-version":[{"id":10147,"href":"https:\/\/www.tce.gob.ec\/index.php\/wp-json\/wp\/v2\/posts\/10143\/revisions\/10147"}],"wp:featuredmedia":[{"embeddable":true,"href":"https:\/\/www.tce.gob.ec\/index.php\/wp-json\/wp\/v2\/media\/10148"}],"wp:attachment":[{"href":"https:\/\/www.tce.gob.ec\/index.php\/wp-json\/wp\/v2\/media?parent=10143"}],"wp:term":[{"taxonomy":"category","embeddable":true,"href":"https:\/\/www.tce.gob.ec\/index.php\/wp-json\/wp\/v2\/categories?post=10143"},{"taxonomy":"post_tag","embeddable":true,"href":"https:\/\/www.tce.gob.ec\/index.php\/wp-json\/wp\/v2\/tags?post=10143"},{"taxonomy":"table_tags","embeddable":true,"href":"https:\/\/www.tce.gob.ec\/index.php\/wp-json\/wp\/v2\/table_tags?post=10143"}],"curies":[{"name":"wp","href":"https:\/\/api.w.org\/{rel}","templated":true}]}}