{"id":10490,"date":"2023-12-13T13:23:08","date_gmt":"2023-12-13T18:23:08","guid":{"rendered":"https:\/\/www.tce.gob.ec\/?p=10490"},"modified":"2023-12-13T13:25:06","modified_gmt":"2023-12-13T18:25:06","slug":"tce-realizo-la-presentacion-del-libro-sobre-la-participacion-politica-de-las-mujeres","status":"publish","type":"post","link":"https:\/\/www.tce.gob.ec\/index.php\/2023\/12\/13\/tce-realizo-la-presentacion-del-libro-sobre-la-participacion-politica-de-las-mujeres\/","title":{"rendered":"TCE REALIZ\u00d3 LA PRESENTACI\u00d3N DEL LIBRO SOBRE LA PARTICIPACI\u00d3N POL\u00cdTICA DE LAS MUJERES"},"content":{"rendered":"\n<p>El Tribunal Contencioso Electoral la ma\u00f1ana del 12 de diciembre realiz\u00f3 la presentaci\u00f3n del libro: <strong>Participaci\u00f3n Pol\u00edtica de las Mujeres: Retos y desaf\u00edos de la justicia electoral en Ecuador<\/strong>.<\/p>\n\n\n\n<p>El acto inici\u00f3 con las palabras del presidente del TCE, Dr. Fernando Mu\u00f1oz quien expres\u00f3, \u201c\u2026el Tribunal hoy marca un precedente de cambio, generando concientizaci\u00f3n en la participaci\u00f3n pol\u00edtica de la mujer, este libro es la colaboraci\u00f3n de actores en investigaci\u00f3n acad\u00e9mica que tiene como finalidad compartir la experiencia pr\u00e1ctica de los operadores jur\u00eddicos y as\u00ed generar orientaci\u00f3n en la sociedad\u2026\u201d.<\/p>\n\n\n\n<figure class=\"wp-block-image size-full\"><img loading=\"lazy\" decoding=\"async\" width=\"1024\" height=\"364\" src=\"https:\/\/www.tce.gob.ec\/wp-content\/uploads\/2023\/12\/WhatsApp-Image-2023-12-12-at-11.40.50-AM.jpeg\" alt=\"\" class=\"wp-image-10494\" srcset=\"https:\/\/www.tce.gob.ec\/wp-content\/uploads\/2023\/12\/WhatsApp-Image-2023-12-12-at-11.40.50-AM.jpeg 1024w, https:\/\/www.tce.gob.ec\/wp-content\/uploads\/2023\/12\/WhatsApp-Image-2023-12-12-at-11.40.50-AM-719x256.jpeg 719w, https:\/\/www.tce.gob.ec\/wp-content\/uploads\/2023\/12\/WhatsApp-Image-2023-12-12-at-11.40.50-AM-768x273.jpeg 768w\" sizes=\"auto, (max-width: 1024px) 100vw, 1024px\" \/><\/figure>\n\n\n\n<p>En este marco la Mgtr. Dayana \u00c1vila, directora de Investigaci\u00f3n del TCE, durante la presentaci\u00f3n hizo \u00e9nfasis en, \u201c\u2026 el libro, en su conjunto, identifica y analiza los desaf\u00edos existentes y propone soluciones y estrategias para superarlos. A trav\u00e9s de sus p\u00e1ginas, se destaca la importancia cr\u00edtica de la participaci\u00f3n pol\u00edtica de las mujeres y la necesidad de continuar luchando por una democracia m\u00e1s inclusiva y representativa en Ecuador&#8230;\u201d, expres\u00f3.<\/p>\n\n\n\n<p>Luego del lanzamiento, autoridades de varias instituciones p\u00fablicas participaron el panel que tuvo como tem\u00e1tica principal, la <strong>Importancia de la participaci\u00f3n pol\u00edtica de la mujer en el Ecuador<\/strong>, d\u00f3nde intervinieron, la Dra. Dania Ravel, representante del Instituto Nacional Electoral de M\u00e9xico, la Ptlga. Arianna Tanca, ministra de la Mujer y Derechos Humanos, la Dra. Ana Elena Badilla, representante de ONU Mujeres en Ecuador, y la Dra. M\u00f3nica Banegas, directora ejecutiva de la Fundaci\u00f3n Haciendo Ecuador.<\/p>\n\n\n\n<figure class=\"wp-block-image size-large\"><img loading=\"lazy\" decoding=\"async\" width=\"1160\" height=\"827\" src=\"https:\/\/www.tce.gob.ec\/wp-content\/uploads\/2023\/12\/4-1160x827.jpeg\" alt=\"\" class=\"wp-image-10495\" srcset=\"https:\/\/www.tce.gob.ec\/wp-content\/uploads\/2023\/12\/4-1160x827.jpeg 1160w, https:\/\/www.tce.gob.ec\/wp-content\/uploads\/2023\/12\/4-719x512.jpeg 719w, https:\/\/www.tce.gob.ec\/wp-content\/uploads\/2023\/12\/4-768x547.jpeg 768w, https:\/\/www.tce.gob.ec\/wp-content\/uploads\/2023\/12\/4-1536x1094.jpeg 1536w, https:\/\/www.tce.gob.ec\/wp-content\/uploads\/2023\/12\/4.jpeg 1600w\" sizes=\"auto, (max-width: 1160px) 100vw, 1160px\" \/><\/figure>\n\n\n\n<p>En un segundo espacio del panel, el Dr. Fernando Mu\u00f1oz, presidente, Ab. Ivonne Coloma, vicepresidenta, Dr. \u00c1ngel Torres y Mgs. Guillermo Ortega jueces del TCE, abordaron la tem\u00e1tica sobre, como entender la representaci\u00f3n de las mujeres en el encabezamiento de listas y binomios paritarios, establecidos en las \u00faltimas reformas del C\u00f3digo de la Democracia, los tipos de Violencia Pol\u00edtica de G\u00e9nero en el \u00e1mbito electoral, desde el acoso y la intimidaci\u00f3n hasta las barreras sist\u00e9micas.<\/p>\n\n\n\n<figure class=\"wp-block-image size-full\"><img loading=\"lazy\" decoding=\"async\" width=\"1024\" height=\"684\" src=\"https:\/\/www.tce.gob.ec\/wp-content\/uploads\/2023\/12\/WhatsApp-Image-2023-12-12-at-12.02.06-PM1.jpeg\" alt=\"\" class=\"wp-image-10496\" srcset=\"https:\/\/www.tce.gob.ec\/wp-content\/uploads\/2023\/12\/WhatsApp-Image-2023-12-12-at-12.02.06-PM1.jpeg 1024w, https:\/\/www.tce.gob.ec\/wp-content\/uploads\/2023\/12\/WhatsApp-Image-2023-12-12-at-12.02.06-PM1-719x480.jpeg 719w, https:\/\/www.tce.gob.ec\/wp-content\/uploads\/2023\/12\/WhatsApp-Image-2023-12-12-at-12.02.06-PM1-768x513.jpeg 768w\" sizes=\"auto, (max-width: 1024px) 100vw, 1024px\" \/><\/figure>\n\n\n\n<p>El acto concluy\u00f3 con una invitaci\u00f3n por parte de las autoridades del Tribunal Contencioso Electoral a los asistentes a ser agentes de cambio, que impulsen desde cualquier espacio de la sociedad la continuidad de una democracia m\u00e1s inclusiva y representativa en Ecuador.<\/p>\n\n\n\n<p><\/p>\n<div class=\"pdfprnt-buttons pdfprnt-buttons-post pdfprnt-bottom-right\"><a href=\"https:\/\/www.tce.gob.ec\/index.php\/wp-json\/wp\/v2\/posts\/10490?print=print\" class=\"pdfprnt-button pdfprnt-button-print\" target=\"_blank\"><span class=\"pdfprnt-button-title pdfprnt-button-print-title\">Imprimir<\/span><\/a><\/div>","protected":false},"excerpt":{"rendered":"<div class=\"entry-summary\">\nEl Tribunal Contencioso Electoral la ma\u00f1ana del 12 de diciembre realiz\u00f3 la presentaci\u00f3n del libro: Participaci\u00f3n Pol\u00edtica de&hellip;\n<\/div>\n<div class=\"link-more\"><a href=\"https:\/\/www.tce.gob.ec\/index.php\/2023\/12\/13\/tce-realizo-la-presentacion-del-libro-sobre-la-participacion-politica-de-las-mujeres\/\" class=\"more-link\">Continuar leyendo<span class=\"screen-reader-text\"> &ldquo;TCE REALIZ\u00d3 LA PRESENTACI\u00d3N DEL LIBRO SOBRE LA PARTICIPACI\u00d3N POL\u00cdTICA DE LAS MUJERES&rdquo;<\/span>&hellip;<\/a><\/div>\n","protected":false},"author":11,"featured_media":10492,"comment_status":"closed","ping_status":"closed","sticky":false,"template":"","format":"standard","meta":{"_monsterinsights_skip_tracking":false,"_monsterinsights_sitenote_active":false,"_monsterinsights_sitenote_note":"","_monsterinsights_sitenote_category":0,"footnotes":""},"categories":[30],"tags":[],"table_tags":[],"class_list":["post-10490","post","type-post","status-publish","format-standard","has-post-thumbnail","hentry","category-noticias","entry"],"amp_enabled":true,"_links":{"self":[{"href":"https:\/\/www.tce.gob.ec\/index.php\/wp-json\/wp\/v2\/posts\/10490","targetHints":{"allow":["GET"]}}],"collection":[{"href":"https:\/\/www.tce.gob.ec\/index.php\/wp-json\/wp\/v2\/posts"}],"about":[{"href":"https:\/\/www.tce.gob.ec\/index.php\/wp-json\/wp\/v2\/types\/post"}],"author":[{"embeddable":true,"href":"https:\/\/www.tce.gob.ec\/index.php\/wp-json\/wp\/v2\/users\/11"}],"replies":[{"embeddable":true,"href":"https:\/\/www.tce.gob.ec\/index.php\/wp-json\/wp\/v2\/comments?post=10490"}],"version-history":[{"count":2,"href":"https:\/\/www.tce.gob.ec\/index.php\/wp-json\/wp\/v2\/posts\/10490\/revisions"}],"predecessor-version":[{"id":10498,"href":"https:\/\/www.tce.gob.ec\/index.php\/wp-json\/wp\/v2\/posts\/10490\/revisions\/10498"}],"wp:featuredmedia":[{"embeddable":true,"href":"https:\/\/www.tce.gob.ec\/index.php\/wp-json\/wp\/v2\/media\/10492"}],"wp:attachment":[{"href":"https:\/\/www.tce.gob.ec\/index.php\/wp-json\/wp\/v2\/media?parent=10490"}],"wp:term":[{"taxonomy":"category","embeddable":true,"href":"https:\/\/www.tce.gob.ec\/index.php\/wp-json\/wp\/v2\/categories?post=10490"},{"taxonomy":"post_tag","embeddable":true,"href":"https:\/\/www.tce.gob.ec\/index.php\/wp-json\/wp\/v2\/tags?post=10490"},{"taxonomy":"table_tags","embeddable":true,"href":"https:\/\/www.tce.gob.ec\/index.php\/wp-json\/wp\/v2\/table_tags?post=10490"}],"curies":[{"name":"wp","href":"https:\/\/api.w.org\/{rel}","templated":true}]}}