{"id":11130,"date":"2024-04-21T10:39:17","date_gmt":"2024-04-21T15:39:17","guid":{"rendered":"https:\/\/www.tce.gob.ec\/?p=11130"},"modified":"2024-04-21T10:39:21","modified_gmt":"2024-04-21T15:39:21","slug":"tce-participa-en-el-acto-inaugural-del-referendum-y-consulta-popular-2024","status":"publish","type":"post","link":"https:\/\/www.tce.gob.ec\/index.php\/2024\/04\/21\/tce-participa-en-el-acto-inaugural-del-referendum-y-consulta-popular-2024\/","title":{"rendered":"TCE participa en el acto inaugural del Refer\u00e9ndum y Consulta Popular 2024."},"content":{"rendered":"\n<p>Autoridades del Gobierno Nacional, el Pleno del Tribunal Contencioso Electoral (TCE), los consejeros del Consejo Nacional Electoral (CNE), representantes de las Misiones de Observaci\u00f3n Electoral internacionales y nacionales, ciudadan\u00eda, y medios de comunicaci\u00f3n participaron en la inauguraci\u00f3n del Refer\u00e9ndum y Consulta 2024.<\/p>\n\n\n\n<p>El Dr. Fernando Mu\u00f1oz, presidente del TCE, en su intervenci\u00f3n destac\u00f3 el rol del voto de la ciudadan\u00eda como herramienta fundamental de los sistemas democr\u00e1ticos, afirm\u00f3 que este constituye el punto de partida para la toma de decisiones en democracia. Record\u00f3 que desde 1978, se ha usado estos mecanismos de democracia directa como la Consulta Popular y el Refer\u00e9ndum para tomar decisiones sobre temas sustantivos de inter\u00e9s nacional.<\/p>\n\n\n\n<figure class=\"wp-block-image size-large\"><img loading=\"lazy\" decoding=\"async\" width=\"1160\" height=\"773\" src=\"https:\/\/www.tce.gob.ec\/wp-content\/uploads\/2024\/04\/53668207051_f6a9cc5241_o-1160x773.jpg\" alt=\"\" class=\"wp-image-11132\" srcset=\"https:\/\/www.tce.gob.ec\/wp-content\/uploads\/2024\/04\/53668207051_f6a9cc5241_o-1160x773.jpg 1160w, https:\/\/www.tce.gob.ec\/wp-content\/uploads\/2024\/04\/53668207051_f6a9cc5241_o-719x479.jpg 719w, https:\/\/www.tce.gob.ec\/wp-content\/uploads\/2024\/04\/53668207051_f6a9cc5241_o-768x512.jpg 768w, https:\/\/www.tce.gob.ec\/wp-content\/uploads\/2024\/04\/53668207051_f6a9cc5241_o.jpg 1280w\" sizes=\"auto, (max-width: 1160px) 100vw, 1160px\" \/><\/figure>\n\n\n\n<p>Adem\u00e1s, afirm\u00f3 que la democracia representativa pilar fundamental de los Estados modernos se nutre mediante la participaci\u00f3n activa y consiente de cada ciudadano, puesto que es la expresi\u00f3n viva de la voluntad colectiva, cada voto refleja no solo la defensa de una idea, sino un compromiso con la continuidad y el fortalecimiento de derechos y justicia.<\/p>\n\n\n\n<p>Por su parte, el presidente de la Rep\u00fablica, Mgs. Daniel Noboa, en su discurso, afirm\u00f3 que es el momento de hacer historia, este refer\u00e9ndum y consulta marcar\u00e1 un antes y un despu\u00e9s. Expres\u00f3 tambi\u00e9n: \u201choy es el d\u00eda de sepultar a un viejo pa\u00eds de pobreza y violencia, miraremos de frente al nuevo Ecuador\u201d. El resultado de esta consulta abre el rumbo a seguir para enfrentar el reto de la lucha contra la violencia, el crimen organizado y el desempleo, afirm\u00f3.<\/p>\n\n\n\n<figure class=\"wp-block-gallery columns-1 is-cropped wp-block-gallery-1 is-layout-flex wp-block-gallery-is-layout-flex\"><ul class=\"blocks-gallery-grid\"><li class=\"blocks-gallery-item\"><figure><img loading=\"lazy\" decoding=\"async\" width=\"1160\" height=\"768\" src=\"https:\/\/www.tce.gob.ec\/wp-content\/uploads\/2024\/04\/WhatsApp-Image-2024-04-21-at-7.11.47-AM-1160x768.jpeg\" alt=\"\" data-id=\"11133\" data-full-url=\"https:\/\/www.tce.gob.ec\/wp-content\/uploads\/2024\/04\/WhatsApp-Image-2024-04-21-at-7.11.47-AM.jpeg\" data-link=\"https:\/\/www.tce.gob.ec\/?attachment_id=11133\" class=\"wp-image-11133\" srcset=\"https:\/\/www.tce.gob.ec\/wp-content\/uploads\/2024\/04\/WhatsApp-Image-2024-04-21-at-7.11.47-AM-1160x768.jpeg 1160w, https:\/\/www.tce.gob.ec\/wp-content\/uploads\/2024\/04\/WhatsApp-Image-2024-04-21-at-7.11.47-AM-719x476.jpeg 719w, https:\/\/www.tce.gob.ec\/wp-content\/uploads\/2024\/04\/WhatsApp-Image-2024-04-21-at-7.11.47-AM-768x508.jpeg 768w, https:\/\/www.tce.gob.ec\/wp-content\/uploads\/2024\/04\/WhatsApp-Image-2024-04-21-at-7.11.47-AM-1536x1017.jpeg 1536w, https:\/\/www.tce.gob.ec\/wp-content\/uploads\/2024\/04\/WhatsApp-Image-2024-04-21-at-7.11.47-AM.jpeg 1600w\" sizes=\"auto, (max-width: 1160px) 100vw, 1160px\" \/><\/figure><\/li><\/ul><\/figure>\n\n\n\n<p>Mientras que, la Mgs. Diana Atamaint, presidenta del CNE, dijo que 13\u2019654.291 ecuatorianos dentro y fuera del pa\u00eds est\u00e1n habilitados para sufragar; esta Funci\u00f3n del Estado cumple con el mandato legal de preparar los comicios en apenas 60 d\u00edas, trabajo que se realiza con transparencia y eficiencia para respetar la voluntad del pueblo.<\/p>\n\n\n\n<p>Finalmente, las autoridades invitaron a asistir a las urnas y cumplir con este deber c\u00edvico, as\u00ed como a seguir el proceso por canales oficiales y evitar las noticias falsas, se record\u00f3 que la \u00fanica instituci\u00f3n responsable de difundir y proclamar resultados oficiales.<\/p>\n\n\n\n<figure class=\"wp-block-image size-full\"><img loading=\"lazy\" decoding=\"async\" width=\"1023\" height=\"682\" src=\"https:\/\/www.tce.gob.ec\/wp-content\/uploads\/2024\/04\/53668422193_7d1a396cf8_b.jpg\" alt=\"\" class=\"wp-image-11134\" srcset=\"https:\/\/www.tce.gob.ec\/wp-content\/uploads\/2024\/04\/53668422193_7d1a396cf8_b.jpg 1023w, https:\/\/www.tce.gob.ec\/wp-content\/uploads\/2024\/04\/53668422193_7d1a396cf8_b-719x479.jpg 719w, https:\/\/www.tce.gob.ec\/wp-content\/uploads\/2024\/04\/53668422193_7d1a396cf8_b-768x512.jpg 768w\" sizes=\"auto, (max-width: 1023px) 100vw, 1023px\" \/><\/figure>\n<div class=\"pdfprnt-buttons pdfprnt-buttons-post pdfprnt-bottom-right\"><a href=\"https:\/\/www.tce.gob.ec\/index.php\/wp-json\/wp\/v2\/posts\/11130?print=print\" class=\"pdfprnt-button pdfprnt-button-print\" target=\"_blank\"><span class=\"pdfprnt-button-title pdfprnt-button-print-title\">Imprimir<\/span><\/a><\/div>","protected":false},"excerpt":{"rendered":"<div class=\"entry-summary\">\nAutoridades del Gobierno Nacional, el Pleno del Tribunal Contencioso Electoral (TCE), los consejeros del Consejo Nacional Electoral (CNE),&hellip;\n<\/div>\n<div class=\"link-more\"><a href=\"https:\/\/www.tce.gob.ec\/index.php\/2024\/04\/21\/tce-participa-en-el-acto-inaugural-del-referendum-y-consulta-popular-2024\/\" class=\"more-link\">Continuar leyendo<span class=\"screen-reader-text\"> &ldquo;TCE participa en el acto inaugural del Refer\u00e9ndum y Consulta Popular 2024.&rdquo;<\/span>&hellip;<\/a><\/div>\n","protected":false},"author":11,"featured_media":11131,"comment_status":"open","ping_status":"open","sticky":false,"template":"","format":"standard","meta":{"_monsterinsights_skip_tracking":false,"_monsterinsights_sitenote_active":false,"_monsterinsights_sitenote_note":"","_monsterinsights_sitenote_category":0,"footnotes":""},"categories":[30],"tags":[],"table_tags":[],"class_list":["post-11130","post","type-post","status-publish","format-standard","has-post-thumbnail","hentry","category-noticias","entry"],"amp_enabled":true,"_links":{"self":[{"href":"https:\/\/www.tce.gob.ec\/index.php\/wp-json\/wp\/v2\/posts\/11130","targetHints":{"allow":["GET"]}}],"collection":[{"href":"https:\/\/www.tce.gob.ec\/index.php\/wp-json\/wp\/v2\/posts"}],"about":[{"href":"https:\/\/www.tce.gob.ec\/index.php\/wp-json\/wp\/v2\/types\/post"}],"author":[{"embeddable":true,"href":"https:\/\/www.tce.gob.ec\/index.php\/wp-json\/wp\/v2\/users\/11"}],"replies":[{"embeddable":true,"href":"https:\/\/www.tce.gob.ec\/index.php\/wp-json\/wp\/v2\/comments?post=11130"}],"version-history":[{"count":2,"href":"https:\/\/www.tce.gob.ec\/index.php\/wp-json\/wp\/v2\/posts\/11130\/revisions"}],"predecessor-version":[{"id":11136,"href":"https:\/\/www.tce.gob.ec\/index.php\/wp-json\/wp\/v2\/posts\/11130\/revisions\/11136"}],"wp:featuredmedia":[{"embeddable":true,"href":"https:\/\/www.tce.gob.ec\/index.php\/wp-json\/wp\/v2\/media\/11131"}],"wp:attachment":[{"href":"https:\/\/www.tce.gob.ec\/index.php\/wp-json\/wp\/v2\/media?parent=11130"}],"wp:term":[{"taxonomy":"category","embeddable":true,"href":"https:\/\/www.tce.gob.ec\/index.php\/wp-json\/wp\/v2\/categories?post=11130"},{"taxonomy":"post_tag","embeddable":true,"href":"https:\/\/www.tce.gob.ec\/index.php\/wp-json\/wp\/v2\/tags?post=11130"},{"taxonomy":"table_tags","embeddable":true,"href":"https:\/\/www.tce.gob.ec\/index.php\/wp-json\/wp\/v2\/table_tags?post=11130"}],"curies":[{"name":"wp","href":"https:\/\/api.w.org\/{rel}","templated":true}]}}