{"id":11927,"date":"2024-09-12T16:59:23","date_gmt":"2024-09-12T21:59:23","guid":{"rendered":"https:\/\/www.tce.gob.ec\/?p=11927"},"modified":"2024-09-12T16:59:53","modified_gmt":"2024-09-12T21:59:53","slug":"el-primer-taller-para-fortalecer-la-participacion-politica-de-las-mujeres-y-prevenir-la-violencia-politica-de-genero-se-realizo-en-cuenca","status":"publish","type":"post","link":"https:\/\/www.tce.gob.ec\/index.php\/2024\/09\/12\/el-primer-taller-para-fortalecer-la-participacion-politica-de-las-mujeres-y-prevenir-la-violencia-politica-de-genero-se-realizo-en-cuenca\/","title":{"rendered":"El primer taller para Fortalecer la Participaci\u00f3n Pol\u00edtica de las Mujeres y Prevenir la Violencia Pol\u00edtica de G\u00e9nero, se realiz\u00f3 en Cuenca"},"content":{"rendered":"\n<p>En el marco del Proyecto de Fortalecimiento Democr\u00e1tico a la Institucionalidad Electoral del Ecuador, el Tribunal Contencioso Electoral (TCE) inici\u00f3 hoy desde la Universidad de Cuenca, una serie de talleres enfocados en fortalecer la participaci\u00f3n pol\u00edtica de las mujeres y prevenir la violencia pol\u00edtica de g\u00e9nero (VPG) durante los procesos electorales. El objetivo de estos encuentros es empoderar al p\u00fablico con conocimientos y habilidades espec\u00edficas para identificar, analizar y abordar la VPG, conforme a las disposiciones del C\u00f3digo de la Democracia. Ley que la defini\u00f3 como infracci\u00f3n electoral muy grave y estipula sanci\u00f3n econ\u00f3mica y p\u00e9rdida de los derechos de participaci\u00f3n pol\u00edtica.<\/p>\n\n\n\n<p>En su intervenci\u00f3n, la Abg. Ivonne Coloma, manifest\u00f3 que El Tribunal Contencioso Electoral tiene un rol protag\u00f3nico en la defensa de estos derechos, puesto que es la instancia encargada de sancionar la VPG y garantizar los derechos de participaci\u00f3n en la esfera pol\u00edtica y p\u00fablica en igualdad de condiciones entre hombres y mujeres.<\/p>\n\n\n\n<figure class=\"wp-block-image size-large\"><img loading=\"lazy\" decoding=\"async\" width=\"1160\" height=\"776\" src=\"https:\/\/www.tce.gob.ec\/wp-content\/uploads\/2024\/09\/WhatsApp-Image-2024-09-12-at-4.55.49-PM-1160x776.jpeg\" alt=\"\" class=\"wp-image-11929\" srcset=\"https:\/\/www.tce.gob.ec\/wp-content\/uploads\/2024\/09\/WhatsApp-Image-2024-09-12-at-4.55.49-PM-1160x776.jpeg 1160w, https:\/\/www.tce.gob.ec\/wp-content\/uploads\/2024\/09\/WhatsApp-Image-2024-09-12-at-4.55.49-PM-719x481.jpeg 719w, https:\/\/www.tce.gob.ec\/wp-content\/uploads\/2024\/09\/WhatsApp-Image-2024-09-12-at-4.55.49-PM-768x514.jpeg 768w, https:\/\/www.tce.gob.ec\/wp-content\/uploads\/2024\/09\/WhatsApp-Image-2024-09-12-at-4.55.49-PM-1536x1027.jpeg 1536w, https:\/\/www.tce.gob.ec\/wp-content\/uploads\/2024\/09\/WhatsApp-Image-2024-09-12-at-4.55.49-PM.jpeg 1600w\" sizes=\"auto, (max-width: 1160px) 100vw, 1160px\" \/><\/figure>\n\n\n\n<p>Por su parte, el Dr. Juan Antonio Pe\u00f1a, Decano de la Facultad de Jurisprudencia, recalc\u00f3 la importancia de abrir espacios de di\u00e1logo y reflexi\u00f3n sobre este tema tan importante en la sociedad ecuatoriana. Mientras que, Pablo Galarce, Asesor T\u00e9cnico del Proyecto de Fortalecimiento Democr\u00e1tico de la Institucionalidad Electoral en Ecuador, reafirm\u00f3 el compromiso del proyecto para seguir trabajando con la funci\u00f3n electoral a favor de la democracia, igualdad y justica electoral.<\/p>\n\n\n\n<p>En un segundo momento, relacionada a la capacitaci\u00f3n, la Dra. Ana Luc\u00eda I\u00f1iguez, Docente de la carrera de G\u00e9nero y Desarrollo, present\u00f3 su ponencia y manifest\u00f3 el rol que tiene la ciudadan\u00eda para enfrentar la VPG; as\u00ed, ratific\u00f3 la necesidad de trabajar en reformas en torno al C\u00f3digo de la Democracia. Dicha ley, expres\u00f3 debe garantizar justicia y equidad. Por su parte, la Dra. Alejandra Guerr\u00f3n, de ONU mujeres, sostuvo que es prioritario analizar la interseccionalidad de las autonom\u00edas, sean estas, econ\u00f3mica, f\u00edsica o de toma de decisiones. Esto permitir\u00e1 evidenciar que a\u00fan persisten desigualdad entre hombres y mujeres y se fundamentan en estas: tiempo de trabajo, ingresos y niveles elevados de pobreza.<\/p>\n\n\n\n<p>En la segunda parte de la capacitaci\u00f3n, el Dr. \u00c1ngel Torres, describi\u00f3 el rol y las funciones del Tribunal. Entre ellas, garantizar los derechos de participaci\u00f3n pol\u00edtica de las mujeres, de ah\u00ed que el TCE ha generado jurisprudencia en paridad e igualdad de condiciones entre hombres y mujeres en el \u00e1mbito pol\u00edtico.<\/p>\n\n\n\n<figure class=\"wp-block-image size-large\"><img loading=\"lazy\" decoding=\"async\" width=\"1160\" height=\"776\" src=\"https:\/\/www.tce.gob.ec\/wp-content\/uploads\/2024\/09\/WhatsApp-Image-2024-09-12-at-11.55.31-AM-1160x776.jpeg\" alt=\"\" class=\"wp-image-11930\" srcset=\"https:\/\/www.tce.gob.ec\/wp-content\/uploads\/2024\/09\/WhatsApp-Image-2024-09-12-at-11.55.31-AM-1160x776.jpeg 1160w, https:\/\/www.tce.gob.ec\/wp-content\/uploads\/2024\/09\/WhatsApp-Image-2024-09-12-at-11.55.31-AM-719x481.jpeg 719w, https:\/\/www.tce.gob.ec\/wp-content\/uploads\/2024\/09\/WhatsApp-Image-2024-09-12-at-11.55.31-AM-768x514.jpeg 768w, https:\/\/www.tce.gob.ec\/wp-content\/uploads\/2024\/09\/WhatsApp-Image-2024-09-12-at-11.55.31-AM-1536x1027.jpeg 1536w, https:\/\/www.tce.gob.ec\/wp-content\/uploads\/2024\/09\/WhatsApp-Image-2024-09-12-at-11.55.31-AM.jpeg 1600w\" sizes=\"auto, (max-width: 1160px) 100vw, 1160px\" \/><\/figure>\n\n\n\n<p>En la ronda de preguntas, se registr\u00f3 una alta participaci\u00f3n por parte de los asistentes. Las inquietudes giraron en torno a: tiempos jurisdiccionales en el TCE; requisitos y forma jur\u00eddica para presentar una denuncia por violencia pol\u00edtica de g\u00e9nero; entre otros temas. Esta jornada de di\u00e1logo se cerr\u00f3 con la entrega simb\u00f3lica de certificados de asistencia y participaci\u00f3n a los presentes por parte de las autoridades del TCE, del Asesor T\u00e9cnico del Proyecto de Fortalecimiento Democr\u00e1tico de la Institucionalidad Electoral y de la delegada de ONU mujeres.<\/p>\n\n\n\n<figure class=\"wp-block-image size-large\"><img loading=\"lazy\" decoding=\"async\" width=\"1160\" height=\"776\" src=\"https:\/\/www.tce.gob.ec\/wp-content\/uploads\/2024\/09\/WhatsApp-Image-2024-09-12-at-1.37.05-PM-1160x776.jpeg\" alt=\"\" class=\"wp-image-11931\" srcset=\"https:\/\/www.tce.gob.ec\/wp-content\/uploads\/2024\/09\/WhatsApp-Image-2024-09-12-at-1.37.05-PM-1160x776.jpeg 1160w, https:\/\/www.tce.gob.ec\/wp-content\/uploads\/2024\/09\/WhatsApp-Image-2024-09-12-at-1.37.05-PM-719x481.jpeg 719w, https:\/\/www.tce.gob.ec\/wp-content\/uploads\/2024\/09\/WhatsApp-Image-2024-09-12-at-1.37.05-PM-768x514.jpeg 768w, https:\/\/www.tce.gob.ec\/wp-content\/uploads\/2024\/09\/WhatsApp-Image-2024-09-12-at-1.37.05-PM-1536x1027.jpeg 1536w, https:\/\/www.tce.gob.ec\/wp-content\/uploads\/2024\/09\/WhatsApp-Image-2024-09-12-at-1.37.05-PM.jpeg 1600w\" sizes=\"auto, (max-width: 1160px) 100vw, 1160px\" \/><\/figure>\n\n\n\n<p>Estos talleres continuar\u00e1n en las provincias de: Manab\u00ed, Santo Domingo de los Ts\u00e1chilas, Tungurahua, Imbabura y Guayas, gracias al apoyo de PNUD, la Uni\u00f3n Europea (UE), la Agencia Espa\u00f1ola de Cooperaci\u00f3n Internacional para el Desarrollo (AECID) y la Embajada de Suiza.<\/p>\n<div class=\"pdfprnt-buttons pdfprnt-buttons-post pdfprnt-bottom-right\"><a href=\"https:\/\/www.tce.gob.ec\/index.php\/wp-json\/wp\/v2\/posts\/11927?print=print\" class=\"pdfprnt-button pdfprnt-button-print\" target=\"_blank\"><span class=\"pdfprnt-button-title pdfprnt-button-print-title\">Imprimir<\/span><\/a><\/div>","protected":false},"excerpt":{"rendered":"<div class=\"entry-summary\">\nEn el marco del Proyecto de Fortalecimiento Democr\u00e1tico a la Institucionalidad Electoral del Ecuador, el Tribunal Contencioso Electoral&hellip;\n<\/div>\n<div class=\"link-more\"><a href=\"https:\/\/www.tce.gob.ec\/index.php\/2024\/09\/12\/el-primer-taller-para-fortalecer-la-participacion-politica-de-las-mujeres-y-prevenir-la-violencia-politica-de-genero-se-realizo-en-cuenca\/\" class=\"more-link\">Continuar leyendo<span class=\"screen-reader-text\"> &ldquo;El primer taller para Fortalecer la Participaci\u00f3n Pol\u00edtica de las Mujeres y Prevenir la Violencia Pol\u00edtica de G\u00e9nero, se realiz\u00f3 en Cuenca&rdquo;<\/span>&hellip;<\/a><\/div>\n","protected":false},"author":11,"featured_media":11928,"comment_status":"closed","ping_status":"closed","sticky":false,"template":"","format":"standard","meta":{"_monsterinsights_skip_tracking":false,"_monsterinsights_sitenote_active":false,"_monsterinsights_sitenote_note":"","_monsterinsights_sitenote_category":0,"footnotes":""},"categories":[30],"tags":[],"table_tags":[],"class_list":["post-11927","post","type-post","status-publish","format-standard","has-post-thumbnail","hentry","category-noticias","entry"],"amp_enabled":true,"_links":{"self":[{"href":"https:\/\/www.tce.gob.ec\/index.php\/wp-json\/wp\/v2\/posts\/11927","targetHints":{"allow":["GET"]}}],"collection":[{"href":"https:\/\/www.tce.gob.ec\/index.php\/wp-json\/wp\/v2\/posts"}],"about":[{"href":"https:\/\/www.tce.gob.ec\/index.php\/wp-json\/wp\/v2\/types\/post"}],"author":[{"embeddable":true,"href":"https:\/\/www.tce.gob.ec\/index.php\/wp-json\/wp\/v2\/users\/11"}],"replies":[{"embeddable":true,"href":"https:\/\/www.tce.gob.ec\/index.php\/wp-json\/wp\/v2\/comments?post=11927"}],"version-history":[{"count":1,"href":"https:\/\/www.tce.gob.ec\/index.php\/wp-json\/wp\/v2\/posts\/11927\/revisions"}],"predecessor-version":[{"id":11932,"href":"https:\/\/www.tce.gob.ec\/index.php\/wp-json\/wp\/v2\/posts\/11927\/revisions\/11932"}],"wp:featuredmedia":[{"embeddable":true,"href":"https:\/\/www.tce.gob.ec\/index.php\/wp-json\/wp\/v2\/media\/11928"}],"wp:attachment":[{"href":"https:\/\/www.tce.gob.ec\/index.php\/wp-json\/wp\/v2\/media?parent=11927"}],"wp:term":[{"taxonomy":"category","embeddable":true,"href":"https:\/\/www.tce.gob.ec\/index.php\/wp-json\/wp\/v2\/categories?post=11927"},{"taxonomy":"post_tag","embeddable":true,"href":"https:\/\/www.tce.gob.ec\/index.php\/wp-json\/wp\/v2\/tags?post=11927"},{"taxonomy":"table_tags","embeddable":true,"href":"https:\/\/www.tce.gob.ec\/index.php\/wp-json\/wp\/v2\/table_tags?post=11927"}],"curies":[{"name":"wp","href":"https:\/\/api.w.org\/{rel}","templated":true}]}}