{"id":12065,"date":"2024-10-03T16:46:54","date_gmt":"2024-10-03T21:46:54","guid":{"rendered":"https:\/\/www.tce.gob.ec\/?p=12065"},"modified":"2024-10-03T16:47:00","modified_gmt":"2024-10-03T21:47:00","slug":"el-tce-desarrolla-el-segundo-taller-sobre-violencia-politica-de-genero-en-la-ciudad-de-portoviejo","status":"publish","type":"post","link":"https:\/\/www.tce.gob.ec\/index.php\/2024\/10\/03\/el-tce-desarrolla-el-segundo-taller-sobre-violencia-politica-de-genero-en-la-ciudad-de-portoviejo\/","title":{"rendered":"El TCE desarrolla el segundo taller sobre Violencia Pol\u00edtica de G\u00e9nero en la ciudad de Portoviejo"},"content":{"rendered":"\n<p>El Tribunal Contencioso Electoral (TCE), llev\u00f3 a cabo el segundo taller de capacitaci\u00f3n sobre violencia pol\u00edtica de g\u00e9nero en la Universidad San Gregorio, en Portoviejo. Al evento asistieron autoridades electorales y nacionales, funcionarios p\u00fablicos, estudiantes, docentes y ciudadan\u00eda. Estos talleres tienen como objetivo concientizar sobre la necesidad de un \u00e1mbito pol\u00edtico en igualdad y equidad para hombres y mujeres.<\/p>\n\n\n\n<figure class=\"wp-block-image size-large\"><img loading=\"lazy\" decoding=\"async\" width=\"1160\" height=\"773\" src=\"https:\/\/www.tce.gob.ec\/wp-content\/uploads\/2024\/10\/g4-1160x773.jpg\" alt=\"\" class=\"wp-image-12070\" srcset=\"https:\/\/www.tce.gob.ec\/wp-content\/uploads\/2024\/10\/g4-1160x773.jpg 1160w, https:\/\/www.tce.gob.ec\/wp-content\/uploads\/2024\/10\/g4-719x479.jpg 719w, https:\/\/www.tce.gob.ec\/wp-content\/uploads\/2024\/10\/g4-768x512.jpg 768w, https:\/\/www.tce.gob.ec\/wp-content\/uploads\/2024\/10\/g4-1536x1023.jpg 1536w, https:\/\/www.tce.gob.ec\/wp-content\/uploads\/2024\/10\/g4.jpg 1600w\" sizes=\"auto, (max-width: 1160px) 100vw, 1160px\" \/><\/figure>\n\n\n\n<p>La capacitaci\u00f3n se enmarca dentro del proyecto \u201cFortalecimiento Democr\u00e1tico de la Institucionalidad Electoral en el Ecuador, organizado por el Tribunal Contencioso Electoral, y con el apoyo de los socios estrat\u00e9gicos: El Programa de las Naciones Unidas para el Desarrollo (PNUD), La Uni\u00f3n Europea, La Agencia Espa\u00f1ola de Cooperaci\u00f3n Internacional para el Desarrollo (AECID) y la Embajada de Suiza.<\/p>\n\n\n\n<p>A lo largo de las intervenciones, los ponentes coincidieron en que es necesario entornos pol\u00edticos, sociales y culturales en igualdad de condiciones y caracterizados por el respeto entre hombres y mujeres. Adem\u00e1s, resaltaron la importancia que tienen las reformas al C\u00f3digo de la Democracia, permite sancionar la violencia en el \u00e1mbito pol\u00edtico. As\u00ed, la Dra. Ana Artega, conjueza del TCE y docente de de la Carrera de Derecho de la Universidad San Gregorio de Portoviejo, resalt\u00f3 la normativa con la que cuenta el Ecuador para sancionar esta infracci\u00f3n; sin embargo, dijo que solo el 50% de pa\u00edses tienen una normativa electoral para este tipo de violencia.<\/p>\n\n\n\n<p><\/p>\n\n\n\n<figure class=\"wp-block-image size-large\"><img loading=\"lazy\" decoding=\"async\" width=\"1160\" height=\"773\" src=\"https:\/\/www.tce.gob.ec\/wp-content\/uploads\/2024\/10\/678-1160x773.jpg\" alt=\"\" class=\"wp-image-12069\" srcset=\"https:\/\/www.tce.gob.ec\/wp-content\/uploads\/2024\/10\/678-1160x773.jpg 1160w, https:\/\/www.tce.gob.ec\/wp-content\/uploads\/2024\/10\/678-719x479.jpg 719w, https:\/\/www.tce.gob.ec\/wp-content\/uploads\/2024\/10\/678-768x512.jpg 768w, https:\/\/www.tce.gob.ec\/wp-content\/uploads\/2024\/10\/678-1536x1023.jpg 1536w, https:\/\/www.tce.gob.ec\/wp-content\/uploads\/2024\/10\/678.jpg 1600w\" sizes=\"auto, (max-width: 1160px) 100vw, 1160px\" \/><\/figure>\n\n\n\n<p>Por su parte, la Mtgr. Tamara Briones, Coordinadora del Foro Permanente de Mujeres Ecuatorianas en Manab\u00ed, se refiri\u00f3 a la violencia de g\u00e9nero de la mujer a lo largo de la historia. Adem\u00e1s, evidenci\u00f3 que la violencia contra las mujeres tiene varias tipolog\u00edas:&nbsp; f\u00edsica y sexual; no f\u00edsica, es decir la socio psicol\u00f3gica y econ\u00f3mica; y, la violencia digital; pero en el \u00e1mbito de los espacios de elecci\u00f3n popular, sostuvo que existe la violencia pol\u00edtica de g\u00e9nero, se expresa en estereotipos de g\u00e9nero.<\/p>\n\n\n\n<figure class=\"wp-block-image size-large\"><img loading=\"lazy\" decoding=\"async\" width=\"1160\" height=\"773\" src=\"https:\/\/www.tce.gob.ec\/wp-content\/uploads\/2024\/10\/67-1160x773.jpg\" alt=\"\" class=\"wp-image-12067\" srcset=\"https:\/\/www.tce.gob.ec\/wp-content\/uploads\/2024\/10\/67-1160x773.jpg 1160w, https:\/\/www.tce.gob.ec\/wp-content\/uploads\/2024\/10\/67-719x479.jpg 719w, https:\/\/www.tce.gob.ec\/wp-content\/uploads\/2024\/10\/67-768x512.jpg 768w, https:\/\/www.tce.gob.ec\/wp-content\/uploads\/2024\/10\/67-1536x1023.jpg 1536w, https:\/\/www.tce.gob.ec\/wp-content\/uploads\/2024\/10\/67.jpg 1600w\" sizes=\"auto, (max-width: 1160px) 100vw, 1160px\" \/><\/figure>\n\n\n\n<p>En su intervenci\u00f3n, el Abg. Richard Gonz\u00e1lez, juez suplente del TCE, abord\u00f3 la violencia pol\u00edtica de g\u00e9nero (VPG) desde la experiencia ecuatoriana. Afirm\u00f3 que existen hitos y avances en la normativa del pa\u00eds para fomentar la igualdad de participaci\u00f3n entre hombres y mujeres en el \u00e1mbito electoral. Uno de ellos, son las reformas al C\u00f3digo de la Democracia del a\u00f1o 2020 que sanciona la VPG desde el \u00e1mbito econ\u00f3mico y en los derechos de participaci\u00f3n. En cuanto al trabajo del TCE, sostuvo que se ha generado reglas jurisprudenciales para sancionar los distintos tipos de infracci\u00f3n electoral. As\u00ed, record\u00f3 la causa 1297-2021-TCE que sancion\u00f3 como una infracci\u00f3n muy grave de acuerdo en lo previsto en el Art. 280, numeral 7 del mencionado c\u00f3digo.<\/p>\n\n\n\n<figure class=\"wp-block-image size-large\"><img loading=\"lazy\" decoding=\"async\" width=\"1160\" height=\"773\" src=\"https:\/\/www.tce.gob.ec\/wp-content\/uploads\/2024\/10\/rg2-1160x773.jpg\" alt=\"\" class=\"wp-image-12068\" srcset=\"https:\/\/www.tce.gob.ec\/wp-content\/uploads\/2024\/10\/rg2-1160x773.jpg 1160w, https:\/\/www.tce.gob.ec\/wp-content\/uploads\/2024\/10\/rg2-719x479.jpg 719w, https:\/\/www.tce.gob.ec\/wp-content\/uploads\/2024\/10\/rg2-768x512.jpg 768w, https:\/\/www.tce.gob.ec\/wp-content\/uploads\/2024\/10\/rg2-1536x1023.jpg 1536w, https:\/\/www.tce.gob.ec\/wp-content\/uploads\/2024\/10\/rg2.jpg 1600w\" sizes=\"auto, (max-width: 1160px) 100vw, 1160px\" \/><\/figure>\n\n\n\n<p>Desde el Tribunal Contencioso Electoral, se mantiene el compromiso de combatir la violencia pol\u00edtica de g\u00e9nero, a trav\u00e9s de la divulgaci\u00f3n de la normativa existe. Por ello, es imperativo que las nuevas generaciones est\u00e9n informadas y capacitadas para enfrentar estos desaf\u00edos y hacer respetar sus derechos.<\/p>\n<div class=\"pdfprnt-buttons pdfprnt-buttons-post pdfprnt-bottom-right\"><a href=\"https:\/\/www.tce.gob.ec\/index.php\/wp-json\/wp\/v2\/posts\/12065?print=print\" class=\"pdfprnt-button pdfprnt-button-print\" target=\"_blank\"><span class=\"pdfprnt-button-title pdfprnt-button-print-title\">Imprimir<\/span><\/a><\/div>","protected":false},"excerpt":{"rendered":"<div class=\"entry-summary\">\nEl Tribunal Contencioso Electoral (TCE), llev\u00f3 a cabo el segundo taller de capacitaci\u00f3n sobre violencia pol\u00edtica de g\u00e9nero&hellip;\n<\/div>\n<div class=\"link-more\"><a href=\"https:\/\/www.tce.gob.ec\/index.php\/2024\/10\/03\/el-tce-desarrolla-el-segundo-taller-sobre-violencia-politica-de-genero-en-la-ciudad-de-portoviejo\/\" class=\"more-link\">Continuar leyendo<span class=\"screen-reader-text\"> &ldquo;El TCE desarrolla el segundo taller sobre Violencia Pol\u00edtica de G\u00e9nero en la ciudad de Portoviejo&rdquo;<\/span>&hellip;<\/a><\/div>\n","protected":false},"author":11,"featured_media":12066,"comment_status":"closed","ping_status":"closed","sticky":false,"template":"","format":"standard","meta":{"_monsterinsights_skip_tracking":false,"_monsterinsights_sitenote_active":false,"_monsterinsights_sitenote_note":"","_monsterinsights_sitenote_category":0,"footnotes":""},"categories":[30],"tags":[],"table_tags":[],"class_list":["post-12065","post","type-post","status-publish","format-standard","has-post-thumbnail","hentry","category-noticias","entry"],"amp_enabled":true,"_links":{"self":[{"href":"https:\/\/www.tce.gob.ec\/index.php\/wp-json\/wp\/v2\/posts\/12065","targetHints":{"allow":["GET"]}}],"collection":[{"href":"https:\/\/www.tce.gob.ec\/index.php\/wp-json\/wp\/v2\/posts"}],"about":[{"href":"https:\/\/www.tce.gob.ec\/index.php\/wp-json\/wp\/v2\/types\/post"}],"author":[{"embeddable":true,"href":"https:\/\/www.tce.gob.ec\/index.php\/wp-json\/wp\/v2\/users\/11"}],"replies":[{"embeddable":true,"href":"https:\/\/www.tce.gob.ec\/index.php\/wp-json\/wp\/v2\/comments?post=12065"}],"version-history":[{"count":1,"href":"https:\/\/www.tce.gob.ec\/index.php\/wp-json\/wp\/v2\/posts\/12065\/revisions"}],"predecessor-version":[{"id":12071,"href":"https:\/\/www.tce.gob.ec\/index.php\/wp-json\/wp\/v2\/posts\/12065\/revisions\/12071"}],"wp:featuredmedia":[{"embeddable":true,"href":"https:\/\/www.tce.gob.ec\/index.php\/wp-json\/wp\/v2\/media\/12066"}],"wp:attachment":[{"href":"https:\/\/www.tce.gob.ec\/index.php\/wp-json\/wp\/v2\/media?parent=12065"}],"wp:term":[{"taxonomy":"category","embeddable":true,"href":"https:\/\/www.tce.gob.ec\/index.php\/wp-json\/wp\/v2\/categories?post=12065"},{"taxonomy":"post_tag","embeddable":true,"href":"https:\/\/www.tce.gob.ec\/index.php\/wp-json\/wp\/v2\/tags?post=12065"},{"taxonomy":"table_tags","embeddable":true,"href":"https:\/\/www.tce.gob.ec\/index.php\/wp-json\/wp\/v2\/table_tags?post=12065"}],"curies":[{"name":"wp","href":"https:\/\/api.w.org\/{rel}","templated":true}]}}