{"id":12236,"date":"2024-10-25T15:52:00","date_gmt":"2024-10-25T20:52:00","guid":{"rendered":"https:\/\/www.tce.gob.ec\/?p=12236"},"modified":"2024-10-25T16:07:51","modified_gmt":"2024-10-25T21:07:51","slug":"ibarra-la-ciudad-blanca-acoge-al-4to-taller-de-violencia-politica-de-genero","status":"publish","type":"post","link":"https:\/\/www.tce.gob.ec\/index.php\/2024\/10\/25\/ibarra-la-ciudad-blanca-acoge-al-4to-taller-de-violencia-politica-de-genero\/","title":{"rendered":"Ibarra la ciudad blanca acoge al 4to. taller de Violencia Pol\u00edtica de G\u00e9nero"},"content":{"rendered":"\n<p><br>En la ciudad de Ibarra se desarroll\u00f3 el 4to. taller de capacitaci\u00f3n sobre Violencia Pol\u00edtica de G\u00e9nero. Al evento asistieron estudiantes de derecho de las universidades de Otavalo y Uniandes, servidores electorales de la Delegaci\u00f3n CNE-Ibarra, representantes de movimientos sociales y ciudadan\u00eda. Los exponentes abordaron a lo largo de sus ponencias los retos culturales, sociales, econ\u00f3micos y pol\u00edticos que enfrenta la sociedad en perspectiva de alcanzar igualdad entre hombres y mujeres.<\/p>\n\n\n\n<figure class=\"wp-block-image size-full\"><img loading=\"lazy\" decoding=\"async\" width=\"1024\" height=\"239\" src=\"https:\/\/www.tce.gob.ec\/wp-content\/uploads\/2024\/10\/345-2.jpg\" alt=\"\" class=\"wp-image-12242\" srcset=\"https:\/\/www.tce.gob.ec\/wp-content\/uploads\/2024\/10\/345-2.jpg 1024w, https:\/\/www.tce.gob.ec\/wp-content\/uploads\/2024\/10\/345-2-719x168.jpg 719w, https:\/\/www.tce.gob.ec\/wp-content\/uploads\/2024\/10\/345-2-768x179.jpg 768w\" sizes=\"auto, (max-width: 1024px) 100vw, 1024px\" \/><\/figure>\n\n\n\n<p><br>A largo del taller de capacitaci\u00f3n, realizado en el auditorio de la Delegaci\u00f3n Provincial del CNE Imbabura, acad\u00e9micos, lideres y lideresas sociales y estudiantes debatieron acerca de la prioridad de alcanzar mejores condiciones de inclusi\u00f3n para las mujeres, sobre todo, en el \u00e1mbito pol\u00edtico. As\u00ed, la ponencia realizada por el Mgs. Richard Gonz\u00e1lez, juez del TCE, detall\u00f3 los avances en el \u00e1mbito jur\u00eddico y las reformas al C\u00f3digo de la Democracia para prevenir y sancionar la violencia de g\u00e9nero en la participaci\u00f3n pol\u00edtica.<\/p>\n\n\n\n<p>De otro lado, las ponencias realizadas por la Ing. Alexandra Alencastro y de la Dra. Alejandra Guerr\u00f3n, coincidieron en las problem\u00e1ticas que enfrentan las mujeres sujetas al \u00e1mbito laboral, social, econ\u00f3mico y familiar, lo que demanda una respuesta no solo desde el Estado y la esfera jur\u00eddica, sino tambi\u00e9n de la propia ciudadan\u00eda. En este marco, las rondas de preguntas enfatizaron la necesidad de cerrar la brecha de g\u00e9nero y promover el respeto de los derechos de las mujeres.<\/p>\n\n\n\n<figure class=\"wp-block-gallery columns-1 is-cropped wp-block-gallery-1 is-layout-flex wp-block-gallery-is-layout-flex\"><ul class=\"blocks-gallery-grid\"><li class=\"blocks-gallery-item\"><figure><img loading=\"lazy\" decoding=\"async\" width=\"1024\" height=\"239\" src=\"https:\/\/www.tce.gob.ec\/wp-content\/uploads\/2024\/10\/3456-2.jpg\" alt=\"\" data-id=\"12244\" data-full-url=\"https:\/\/www.tce.gob.ec\/wp-content\/uploads\/2024\/10\/3456-2.jpg\" data-link=\"https:\/\/www.tce.gob.ec\/?attachment_id=12244\" class=\"wp-image-12244\" srcset=\"https:\/\/www.tce.gob.ec\/wp-content\/uploads\/2024\/10\/3456-2.jpg 1024w, https:\/\/www.tce.gob.ec\/wp-content\/uploads\/2024\/10\/3456-2-719x168.jpg 719w, https:\/\/www.tce.gob.ec\/wp-content\/uploads\/2024\/10\/3456-2-768x179.jpg 768w\" sizes=\"auto, (max-width: 1024px) 100vw, 1024px\" \/><\/figure><\/li><\/ul><\/figure>\n\n\n\n<p>La realizaci\u00f3n de estos talleres, se enmarca en el proyecto \u201cFortalecimiento Democr\u00e1tico de la Institucionalidad Electoral en el Ecuador\u201d, que cuenta con el respaldo de importantes socios estrat\u00e9gicos como el Programa de las Naciones Unidas para el Desarrollo (PNUD), la Uni\u00f3n Europea, la Agencia Espa\u00f1ola de Cooperaci\u00f3n Internacional para el Desarrollo (AECID) y la Embajada de Suiza.<\/p>\n<div class=\"pdfprnt-buttons pdfprnt-buttons-post pdfprnt-bottom-right\"><a href=\"https:\/\/www.tce.gob.ec\/index.php\/wp-json\/wp\/v2\/posts\/12236?print=print\" class=\"pdfprnt-button pdfprnt-button-print\" target=\"_blank\"><span class=\"pdfprnt-button-title pdfprnt-button-print-title\">Imprimir<\/span><\/a><\/div>","protected":false},"excerpt":{"rendered":"<div class=\"entry-summary\">\nEn la ciudad de Ibarra se desarroll\u00f3 el 4to. taller de capacitaci\u00f3n sobre Violencia Pol\u00edtica de G\u00e9nero. Al&hellip;\n<\/div>\n<div class=\"link-more\"><a href=\"https:\/\/www.tce.gob.ec\/index.php\/2024\/10\/25\/ibarra-la-ciudad-blanca-acoge-al-4to-taller-de-violencia-politica-de-genero\/\" class=\"more-link\">Continuar leyendo<span class=\"screen-reader-text\"> &ldquo;Ibarra la ciudad blanca acoge al 4to. taller de Violencia Pol\u00edtica de G\u00e9nero&rdquo;<\/span>&hellip;<\/a><\/div>\n","protected":false},"author":11,"featured_media":12246,"comment_status":"closed","ping_status":"closed","sticky":false,"template":"","format":"standard","meta":{"_monsterinsights_skip_tracking":false,"_monsterinsights_sitenote_active":false,"_monsterinsights_sitenote_note":"","_monsterinsights_sitenote_category":0,"footnotes":""},"categories":[30],"tags":[],"table_tags":[],"class_list":["post-12236","post","type-post","status-publish","format-standard","has-post-thumbnail","hentry","category-noticias","entry"],"amp_enabled":true,"_links":{"self":[{"href":"https:\/\/www.tce.gob.ec\/index.php\/wp-json\/wp\/v2\/posts\/12236","targetHints":{"allow":["GET"]}}],"collection":[{"href":"https:\/\/www.tce.gob.ec\/index.php\/wp-json\/wp\/v2\/posts"}],"about":[{"href":"https:\/\/www.tce.gob.ec\/index.php\/wp-json\/wp\/v2\/types\/post"}],"author":[{"embeddable":true,"href":"https:\/\/www.tce.gob.ec\/index.php\/wp-json\/wp\/v2\/users\/11"}],"replies":[{"embeddable":true,"href":"https:\/\/www.tce.gob.ec\/index.php\/wp-json\/wp\/v2\/comments?post=12236"}],"version-history":[{"count":2,"href":"https:\/\/www.tce.gob.ec\/index.php\/wp-json\/wp\/v2\/posts\/12236\/revisions"}],"predecessor-version":[{"id":12245,"href":"https:\/\/www.tce.gob.ec\/index.php\/wp-json\/wp\/v2\/posts\/12236\/revisions\/12245"}],"wp:featuredmedia":[{"embeddable":true,"href":"https:\/\/www.tce.gob.ec\/index.php\/wp-json\/wp\/v2\/media\/12246"}],"wp:attachment":[{"href":"https:\/\/www.tce.gob.ec\/index.php\/wp-json\/wp\/v2\/media?parent=12236"}],"wp:term":[{"taxonomy":"category","embeddable":true,"href":"https:\/\/www.tce.gob.ec\/index.php\/wp-json\/wp\/v2\/categories?post=12236"},{"taxonomy":"post_tag","embeddable":true,"href":"https:\/\/www.tce.gob.ec\/index.php\/wp-json\/wp\/v2\/tags?post=12236"},{"taxonomy":"table_tags","embeddable":true,"href":"https:\/\/www.tce.gob.ec\/index.php\/wp-json\/wp\/v2\/table_tags?post=12236"}],"curies":[{"name":"wp","href":"https:\/\/api.w.org\/{rel}","templated":true}]}}