{"id":12360,"date":"2024-11-25T18:14:39","date_gmt":"2024-11-25T23:14:39","guid":{"rendered":"https:\/\/www.tce.gob.ec\/?p=12360"},"modified":"2024-11-25T18:15:08","modified_gmt":"2024-11-25T23:15:08","slug":"los-16-dias-de-activismo-un-llamado-urgente-a-la-desestructuracion-de-la-violencia-de-genero","status":"publish","type":"post","link":"https:\/\/www.tce.gob.ec\/index.php\/2024\/11\/25\/los-16-dias-de-activismo-un-llamado-urgente-a-la-desestructuracion-de-la-violencia-de-genero\/","title":{"rendered":"Los 16 D\u00edas de Activismo: Un llamado urgente a la desestructuraci\u00f3n de la violencia de g\u00e9nero."},"content":{"rendered":"\n<p><strong>Organizaciones Gubernamentales, sociedad civil y usuarios de redes sociales iniciaron una campa\u00f1a internacional para visibilizar, frenar y desestructurar la violencia de g\u00e9nero. As\u00ed, por 16 D\u00edas y mediante el uso de plataformas digitales, entre ellas \u201cX\u201d (antes Twitter), buscan renovar compromisos y exigir medidas concretas para prevenir la violencia contra las mujeres en todas sus formas. &nbsp;<\/strong><\/p>\n\n\n\n<p>Los 16 D\u00edas de Activismo, es una campa\u00f1a internacional que se lleva a cabo cada a\u00f1o; inicia el 25 de noviembre (D\u00eda Internacional para la Eliminaci\u00f3n de la Violencia contra la Mujer) y se extiende hasta el 10 de diciembre (D\u00eda de los Derechos Humanos). Esta iniciativa, comenz\u00f3 en 1991 durante la inauguraci\u00f3n del Women\u2019s Global Leadership Institute, mismo que buscaba visibilizar la violencia contra las mujeres como un acto que infringe los Derechos Humanos.<\/p>\n\n\n\n<p>En el marco de esta campa\u00f1a y desde el contexto nacional, varias organizaciones gubernamentales sujetas a los \u00e1mbitos pol\u00edticos, electorales y judiciales promulgan estadisticas, reformas y avances judiciales para prevenir y eliminar la violencia de g\u00e9nero. As\u00ed, un trabajo desarrollado por la ONU en marzo de 2024, denominado \u201cAlerta de G\u00e9nero Ante la Declaraci\u00f3n de Conflicto Armado Interno Ecuador\u201d, registr\u00f3 277 muertes violentas de mujeres por raz\u00f3n de g\u00e9nero, 113 feminicidios; 14 transfeminicidios y 1659 vidas de mujeres arrebatadas por la violencia mis\u00f3gina y patriarcal desde 2014.<\/p>\n\n\n\n<figure class=\"wp-block-image size-large\"><img decoding=\"async\" src=\"https:\/\/www.tce.gob.ec\/wp-content\/uploads\/2024\/11\/11-1160x289.jpg\" alt=\"\" class=\"wp-image-12362\" \/><\/figure>\n\n\n\n<p>En tal sentido, la violencia de g\u00e9nero es un problema estructural que esta asentado en la cultura y se expresa por medio de las normas, valores, expresiones y sistemas sociales que perpet\u00faan la desigualdad entre hombres y mujeres. As\u00ed, en el \u00e1mbito pol\u00edtico, la violencia se expresa a trav\u00e9s de amenazas, hostigamiento, exclusi\u00f3n o agresiones dirigidas a silenciar o limitar su participaci\u00f3n en la toma de decisiones pol\u00edticas.<\/p>\n\n\n\n<p>En el caso del Ecuador, el Tribunal Contencioso Electoral (TCE) ha intensificado sus esfuerzos para combatir la violencia en la pol\u00edtica por raz\u00f3n de g\u00e9nero, entre ellos, present\u00f3 un proyecto de Reforma al C\u00f3digo de la Democracia, ha implementado jurisprudencia y ha desarrollado tallares de capacitaci\u00f3n con actores, pol\u00edticos, sociales y ciudadan\u00eda para prevenir la violencia de g\u00e9nero en el \u00e1mbito pol\u00edtico. En tal sentido, en el a\u00f1o 2024, se realizaron cinco capacitaciones en diversas ciudades del pa\u00eds, mismas que buscan socializar la normativa vigente, analizar las causas conocidas y resueltas en VPG y las sanciones previstas en el C\u00f3digo de la Democracia para esta violencia.<\/p>\n\n\n\n<p>La lucha por la igualdad de g\u00e9nero y la eliminaci\u00f3n de la violencia es un esfuerzo conjunto que requiere la participaci\u00f3n activa de todos los sectores de la sociedad. #NoHayExcusa para la violencia, como Tribunal Contencioso Electoral continuaremos trabajando para garantizar un entorno seguro para la mujer en el \u00e1mbito pol\u00edtico.<\/p>\n<div class=\"pdfprnt-buttons pdfprnt-buttons-post pdfprnt-bottom-right\"><a href=\"https:\/\/www.tce.gob.ec\/index.php\/wp-json\/wp\/v2\/posts\/12360?print=print\" class=\"pdfprnt-button pdfprnt-button-print\" target=\"_blank\"><span class=\"pdfprnt-button-title pdfprnt-button-print-title\">Imprimir<\/span><\/a><\/div>","protected":false},"excerpt":{"rendered":"<div class=\"entry-summary\">\nOrganizaciones Gubernamentales, sociedad civil y usuarios de redes sociales iniciaron una campa\u00f1a internacional para visibilizar, frenar y desestructurar&hellip;\n<\/div>\n<div class=\"link-more\"><a href=\"https:\/\/www.tce.gob.ec\/index.php\/2024\/11\/25\/los-16-dias-de-activismo-un-llamado-urgente-a-la-desestructuracion-de-la-violencia-de-genero\/\" class=\"more-link\">Continuar leyendo<span class=\"screen-reader-text\"> &ldquo;Los 16 D\u00edas de Activismo: Un llamado urgente a la desestructuraci\u00f3n de la violencia de g\u00e9nero.&rdquo;<\/span>&hellip;<\/a><\/div>\n","protected":false},"author":11,"featured_media":12361,"comment_status":"closed","ping_status":"closed","sticky":false,"template":"","format":"standard","meta":{"_monsterinsights_skip_tracking":false,"_monsterinsights_sitenote_active":false,"_monsterinsights_sitenote_note":"","_monsterinsights_sitenote_category":0,"footnotes":""},"categories":[30],"tags":[],"table_tags":[],"class_list":["post-12360","post","type-post","status-publish","format-standard","has-post-thumbnail","hentry","category-noticias","entry"],"amp_enabled":true,"_links":{"self":[{"href":"https:\/\/www.tce.gob.ec\/index.php\/wp-json\/wp\/v2\/posts\/12360","targetHints":{"allow":["GET"]}}],"collection":[{"href":"https:\/\/www.tce.gob.ec\/index.php\/wp-json\/wp\/v2\/posts"}],"about":[{"href":"https:\/\/www.tce.gob.ec\/index.php\/wp-json\/wp\/v2\/types\/post"}],"author":[{"embeddable":true,"href":"https:\/\/www.tce.gob.ec\/index.php\/wp-json\/wp\/v2\/users\/11"}],"replies":[{"embeddable":true,"href":"https:\/\/www.tce.gob.ec\/index.php\/wp-json\/wp\/v2\/comments?post=12360"}],"version-history":[{"count":1,"href":"https:\/\/www.tce.gob.ec\/index.php\/wp-json\/wp\/v2\/posts\/12360\/revisions"}],"predecessor-version":[{"id":12364,"href":"https:\/\/www.tce.gob.ec\/index.php\/wp-json\/wp\/v2\/posts\/12360\/revisions\/12364"}],"wp:featuredmedia":[{"embeddable":true,"href":"https:\/\/www.tce.gob.ec\/index.php\/wp-json\/wp\/v2\/media\/12361"}],"wp:attachment":[{"href":"https:\/\/www.tce.gob.ec\/index.php\/wp-json\/wp\/v2\/media?parent=12360"}],"wp:term":[{"taxonomy":"category","embeddable":true,"href":"https:\/\/www.tce.gob.ec\/index.php\/wp-json\/wp\/v2\/categories?post=12360"},{"taxonomy":"post_tag","embeddable":true,"href":"https:\/\/www.tce.gob.ec\/index.php\/wp-json\/wp\/v2\/tags?post=12360"},{"taxonomy":"table_tags","embeddable":true,"href":"https:\/\/www.tce.gob.ec\/index.php\/wp-json\/wp\/v2\/table_tags?post=12360"}],"curies":[{"name":"wp","href":"https:\/\/api.w.org\/{rel}","templated":true}]}}