{"id":12371,"date":"2024-12-02T09:41:56","date_gmt":"2024-12-02T14:41:56","guid":{"rendered":"https:\/\/www.tce.gob.ec\/?p=12371"},"modified":"2024-12-02T09:42:07","modified_gmt":"2024-12-02T14:42:07","slug":"ambato-acoge-capacitacion-sobre-violencia-politica-de-genero","status":"publish","type":"post","link":"https:\/\/www.tce.gob.ec\/index.php\/2024\/12\/02\/ambato-acoge-capacitacion-sobre-violencia-politica-de-genero\/","title":{"rendered":"Ambato acoge capacitaci\u00f3n sobre violencia pol\u00edtica de g\u00e9nero"},"content":{"rendered":"\n<p>El Tribunal Contencioso Electoral (TCE) concluy\u00f3 con \u00e9xito un ciclo de capacitaciones sobre Violencia Pol\u00edtica de G\u00e9nero (VPG) en seis importantes ciudades del Ecuador, siendo Ambato la sexta. El evento, realizado en la Universidad UNIANDES, reuni\u00f3 a estudiantes de derecho de tres universidades locales, autoridades, funcionarios p\u00fablicos y servidores electorales.<\/p>\n\n\n\n<p>El espacio de di\u00e1logo permiti\u00f3 analizar la problem\u00e1tica desde distintas perspectivas: la de g\u00e9nero, que aborda el impacto de los roles e interacciones sociales, y la acad\u00e9mica, que destac\u00f3 la importancia de llevar este mensaje a los estudiantes desde edades tempranas. Los asistentes coincidieron en que la violencia de g\u00e9nero debe terminar, as\u00ed como los patrones de machismo y desigualdad que afectan a las mujeres cuando participan en la pol\u00edtica.<\/p>\n\n\n\n<figure class=\"wp-block-image size-large\"><img loading=\"lazy\" decoding=\"async\" width=\"1160\" height=\"580\" src=\"https:\/\/www.tce.gob.ec\/wp-content\/uploads\/2024\/12\/8-1160x580.jpg\" alt=\"\" class=\"wp-image-12373\" srcset=\"https:\/\/www.tce.gob.ec\/wp-content\/uploads\/2024\/12\/8-1160x580.jpg 1160w, https:\/\/www.tce.gob.ec\/wp-content\/uploads\/2024\/12\/8-719x360.jpg 719w, https:\/\/www.tce.gob.ec\/wp-content\/uploads\/2024\/12\/8-768x384.jpg 768w, https:\/\/www.tce.gob.ec\/wp-content\/uploads\/2024\/12\/8-1536x768.jpg 1536w, https:\/\/www.tce.gob.ec\/wp-content\/uploads\/2024\/12\/8-2048x1024.jpg 2048w\" sizes=\"auto, (max-width: 1160px) 100vw, 1160px\" \/><\/figure>\n\n\n\n<p>Durante la jornada, los ponentes Mgtr. Guillermo Ortega y Mgs. Karen Mej\u00eda, del Tribunal Contencioso Electoral, de forma interactiva, realizaron una encuesta para medir el conocimiento de los presentes sobre VPG, posteriormente informaron sobre la normativa vigente, las causas ingresadas y el procedimiento en caso de denuncias. Adem\u00e1s, se expusieron los derechos de las mujeres, los mecanismos legales disponibles para denunciar estos casos ante el TCE y las responsabilidades del Estado en su lucha contra este tipo de violencia.<\/p>\n\n\n\n<p>Las expertas Dra. M\u00f3nica Salame y Mgs. Sandy \u00c1valos subrayaron la importancia de sensibilizar a la ciudadan\u00eda sobre el impacto de la violencia de g\u00e9nero en los \u00e1mbitos social, familiar y pol\u00edtico, resaltando la necesidad de continuar trabajando con la academia para que el mensaje llegue no solo a los estudiantes, sino a las familias y a la sociedad en general.<\/p>\n\n\n\n<figure class=\"wp-block-image size-large\"><img loading=\"lazy\" decoding=\"async\" width=\"1160\" height=\"366\" src=\"https:\/\/www.tce.gob.ec\/wp-content\/uploads\/2024\/12\/0-1160x366.jpg\" alt=\"\" class=\"wp-image-12375\" srcset=\"https:\/\/www.tce.gob.ec\/wp-content\/uploads\/2024\/12\/0-1160x366.jpg 1160w, https:\/\/www.tce.gob.ec\/wp-content\/uploads\/2024\/12\/0-719x227.jpg 719w, https:\/\/www.tce.gob.ec\/wp-content\/uploads\/2024\/12\/0-768x242.jpg 768w, https:\/\/www.tce.gob.ec\/wp-content\/uploads\/2024\/12\/0.jpg 1280w\" sizes=\"auto, (max-width: 1160px) 100vw, 1160px\" \/><\/figure>\n\n\n\n<p>Con esta serie de capacitaciones, el TCE reafirma su compromiso con la equidad de g\u00e9nero y la democracia participativa, promoviendo una pol\u00edtica inclusiva que permita a las mujeres participar en los procesos electorales y pol\u00edticos sin temor a ser objeto de violencia. El ciclo de formaci\u00f3n culmin\u00f3 en Ambato, pero continuar\u00e1 siendo una herramienta clave para fortalecer la participaci\u00f3n femenina en la pol\u00edtica ecuatoriana.<\/p>\n\n\n\n<p>Estos talleres, realizados en diversas ciudades, fueron posibles gracias al respaldo de importantes aliados estrat\u00e9gicos, como el Programa de las Naciones Unidas para el Desarrollo (PNUD), la Uni\u00f3n Europea, la Agencia Espa\u00f1ola de Cooperaci\u00f3n Internacional para el Desarrollo (AECID) y la Embajada de Suiza.<\/p>\n\n\n\n<figure class=\"wp-block-image size-large\"><img loading=\"lazy\" decoding=\"async\" width=\"1160\" height=\"675\" src=\"https:\/\/www.tce.gob.ec\/wp-content\/uploads\/2024\/12\/17-1160x675.jpg\" alt=\"\" class=\"wp-image-12376\" srcset=\"https:\/\/www.tce.gob.ec\/wp-content\/uploads\/2024\/12\/17-1160x675.jpg 1160w, https:\/\/www.tce.gob.ec\/wp-content\/uploads\/2024\/12\/17-719x418.jpg 719w, https:\/\/www.tce.gob.ec\/wp-content\/uploads\/2024\/12\/17-768x447.jpg 768w, https:\/\/www.tce.gob.ec\/wp-content\/uploads\/2024\/12\/17-1536x894.jpg 1536w, https:\/\/www.tce.gob.ec\/wp-content\/uploads\/2024\/12\/17-2048x1192.jpg 2048w\" sizes=\"auto, (max-width: 1160px) 100vw, 1160px\" \/><\/figure>\n\n\n\n<p><\/p>\n<div class=\"pdfprnt-buttons pdfprnt-buttons-post pdfprnt-bottom-right\"><a href=\"https:\/\/www.tce.gob.ec\/index.php\/wp-json\/wp\/v2\/posts\/12371?print=print\" class=\"pdfprnt-button pdfprnt-button-print\" target=\"_blank\"><span class=\"pdfprnt-button-title pdfprnt-button-print-title\">Imprimir<\/span><\/a><\/div>","protected":false},"excerpt":{"rendered":"<div class=\"entry-summary\">\nEl Tribunal Contencioso Electoral (TCE) concluy\u00f3 con \u00e9xito un ciclo de capacitaciones sobre Violencia Pol\u00edtica de G\u00e9nero (VPG)&hellip;\n<\/div>\n<div class=\"link-more\"><a href=\"https:\/\/www.tce.gob.ec\/index.php\/2024\/12\/02\/ambato-acoge-capacitacion-sobre-violencia-politica-de-genero\/\" class=\"more-link\">Continuar leyendo<span class=\"screen-reader-text\"> &ldquo;Ambato acoge capacitaci\u00f3n sobre violencia pol\u00edtica de g\u00e9nero&rdquo;<\/span>&hellip;<\/a><\/div>\n","protected":false},"author":11,"featured_media":12372,"comment_status":"closed","ping_status":"closed","sticky":false,"template":"","format":"standard","meta":{"_monsterinsights_skip_tracking":false,"_monsterinsights_sitenote_active":false,"_monsterinsights_sitenote_note":"","_monsterinsights_sitenote_category":0,"footnotes":""},"categories":[30],"tags":[],"table_tags":[],"class_list":["post-12371","post","type-post","status-publish","format-standard","has-post-thumbnail","hentry","category-noticias","entry"],"amp_enabled":true,"_links":{"self":[{"href":"https:\/\/www.tce.gob.ec\/index.php\/wp-json\/wp\/v2\/posts\/12371","targetHints":{"allow":["GET"]}}],"collection":[{"href":"https:\/\/www.tce.gob.ec\/index.php\/wp-json\/wp\/v2\/posts"}],"about":[{"href":"https:\/\/www.tce.gob.ec\/index.php\/wp-json\/wp\/v2\/types\/post"}],"author":[{"embeddable":true,"href":"https:\/\/www.tce.gob.ec\/index.php\/wp-json\/wp\/v2\/users\/11"}],"replies":[{"embeddable":true,"href":"https:\/\/www.tce.gob.ec\/index.php\/wp-json\/wp\/v2\/comments?post=12371"}],"version-history":[{"count":2,"href":"https:\/\/www.tce.gob.ec\/index.php\/wp-json\/wp\/v2\/posts\/12371\/revisions"}],"predecessor-version":[{"id":12378,"href":"https:\/\/www.tce.gob.ec\/index.php\/wp-json\/wp\/v2\/posts\/12371\/revisions\/12378"}],"wp:featuredmedia":[{"embeddable":true,"href":"https:\/\/www.tce.gob.ec\/index.php\/wp-json\/wp\/v2\/media\/12372"}],"wp:attachment":[{"href":"https:\/\/www.tce.gob.ec\/index.php\/wp-json\/wp\/v2\/media?parent=12371"}],"wp:term":[{"taxonomy":"category","embeddable":true,"href":"https:\/\/www.tce.gob.ec\/index.php\/wp-json\/wp\/v2\/categories?post=12371"},{"taxonomy":"post_tag","embeddable":true,"href":"https:\/\/www.tce.gob.ec\/index.php\/wp-json\/wp\/v2\/tags?post=12371"},{"taxonomy":"table_tags","embeddable":true,"href":"https:\/\/www.tce.gob.ec\/index.php\/wp-json\/wp\/v2\/table_tags?post=12371"}],"curies":[{"name":"wp","href":"https:\/\/api.w.org\/{rel}","templated":true}]}}