{"id":12406,"date":"2024-12-11T18:37:59","date_gmt":"2024-12-11T23:37:59","guid":{"rendered":"https:\/\/www.tce.gob.ec\/?p=12406"},"modified":"2024-12-11T19:14:56","modified_gmt":"2024-12-12T00:14:56","slug":"tce-cerro-el-ciclo-de-capacitaciones-sobre-violencia-politica-de-genero","status":"publish","type":"post","link":"https:\/\/www.tce.gob.ec\/index.php\/2024\/12\/11\/tce-cerro-el-ciclo-de-capacitaciones-sobre-violencia-politica-de-genero\/","title":{"rendered":"TCE cerr\u00f3 el ciclo de Capacitaciones sobre Violencia Pol\u00edtica de G\u00e9nero"},"content":{"rendered":"\n<p>El Tribunal Contencioso Electoral (TCE), cerr\u00f3 el ciclo de talleres sobre violencia pol\u00edtica de g\u00e9nero (VPG), un evento que cont\u00f3 con una destacada participaci\u00f3n de expertos nacionales e internacionales, permitiendo abordar temas clave como los mecanismos legales y las mejores pr\u00e1cticas para prevenir y sancionar este tipo de violencia, que se manifiesta de m\u00faltiples formas, desde el acoso hasta el ataque sistem\u00e1tico a la integridad f\u00edsica y psicol\u00f3gica de las mujeres pol\u00edticas. Los ponentes, entre los que se incluyeron reconocidos activistas, acad\u00e9micos, autoridades internacionales y representantes de organizaciones como la ONU y la OEA, han compartido experiencias y estrategias que buscan fortalecer las pol\u00edticas p\u00fablicas en esta materia.<\/p>\n\n\n\n<figure class=\"wp-block-image size-large\"><img loading=\"lazy\" decoding=\"async\" width=\"1160\" height=\"498\" src=\"https:\/\/www.tce.gob.ec\/wp-content\/uploads\/2024\/12\/2-1160x498.jpg\" alt=\"\" class=\"wp-image-12408\" srcset=\"https:\/\/www.tce.gob.ec\/wp-content\/uploads\/2024\/12\/2-1160x498.jpg 1160w, https:\/\/www.tce.gob.ec\/wp-content\/uploads\/2024\/12\/2-719x308.jpg 719w, https:\/\/www.tce.gob.ec\/wp-content\/uploads\/2024\/12\/2-768x329.jpg 768w, https:\/\/www.tce.gob.ec\/wp-content\/uploads\/2024\/12\/2.jpg 1280w\" sizes=\"auto, (max-width: 1160px) 100vw, 1160px\" \/><\/figure>\n\n\n\n<p>Varias reflexiones se hicieron en cuanto a la igualdad de derechos, paridad de g\u00e9nero, as\u00ed como la imperiosa necesidad de desestructurar los conceptos de machismo y patriarcado que se han perpetuado a lo largo de la historia, solo de esta manera se puede llegar a la igualdad y respeto de derechos tanto para hombres y mujeres. Manifestaron.<\/p>\n\n\n\n<p>En su intervenci\u00f3n, la Abg. Ivonne Coloma, presidenta del Tribunal Contencioso Electoral, destac\u00f3 el apoyo del Programa de las Naciones Unidas para el Desarrollo (PNUD), el respaldo de la Uni\u00f3n Europea, AECID y la Embajada de Suiza, en el marco del Proyecto de Fortalecimiento Democr\u00e1tico de la Institucionalidad Electoral en Ecuador que promueve sistemas pol\u00edticos m\u00e1s inclusivos, transparentes y participativos. &nbsp;<\/p>\n\n\n\n<figure class=\"wp-block-image size-large\"><img loading=\"lazy\" decoding=\"async\" width=\"1160\" height=\"775\" src=\"https:\/\/www.tce.gob.ec\/wp-content\/uploads\/2024\/12\/4-1-1160x775.jpg\" alt=\"\" class=\"wp-image-12418\" srcset=\"https:\/\/www.tce.gob.ec\/wp-content\/uploads\/2024\/12\/4-1-1160x775.jpg 1160w, https:\/\/www.tce.gob.ec\/wp-content\/uploads\/2024\/12\/4-1-719x480.jpg 719w, https:\/\/www.tce.gob.ec\/wp-content\/uploads\/2024\/12\/4-1-768x513.jpg 768w, https:\/\/www.tce.gob.ec\/wp-content\/uploads\/2024\/12\/4-1.jpg 1280w\" sizes=\"auto, (max-width: 1160px) 100vw, 1160px\" \/><\/figure>\n\n\n\n<p>La presidenta Coloma, afirm\u00f3 que durante este ciclo de talleres en territorio, se capacit\u00f3 a 700 actores clave, en herramientas y estrategias para identificar, prevenir y sancionar este tipo de infracci\u00f3n; entre ellos funcionarios electorales, l\u00edderes comunitarios y representantes de la sociedad civil.<\/p>\n\n\n\n<p>Por su parte Inka Mattila, Representante Residente del PNUD en Ecuador y Jekaterina Dorodnova, Embajadora de la Uni\u00f3n Europea, reafirmaron su compromiso para seguir trabajando como socios estrat\u00e9gicos en el \u00e1mbito electoral, destacando la importancia de promover entornos pol\u00edticos seguros, inclusivos y alineados con los m\u00e1s altos est\u00e1ndares de derechos humanos.<\/p>\n\n\n\n<figure class=\"wp-block-image size-large\"><img loading=\"lazy\" decoding=\"async\" width=\"1160\" height=\"733\" src=\"https:\/\/www.tce.gob.ec\/wp-content\/uploads\/2024\/12\/photo_5102602683486940578_w-1160x733.jpg\" alt=\"\" class=\"wp-image-12417\" srcset=\"https:\/\/www.tce.gob.ec\/wp-content\/uploads\/2024\/12\/photo_5102602683486940578_w-1160x733.jpg 1160w, https:\/\/www.tce.gob.ec\/wp-content\/uploads\/2024\/12\/photo_5102602683486940578_w-719x454.jpg 719w, https:\/\/www.tce.gob.ec\/wp-content\/uploads\/2024\/12\/photo_5102602683486940578_w-768x485.jpg 768w, https:\/\/www.tce.gob.ec\/wp-content\/uploads\/2024\/12\/photo_5102602683486940578_w-1536x971.jpg 1536w, https:\/\/www.tce.gob.ec\/wp-content\/uploads\/2024\/12\/photo_5102602683486940578_w.jpg 1739w\" sizes=\"auto, (max-width: 1160px) 100vw, 1160px\" \/><\/figure>\n\n\n\n<p>A continuaci\u00f3n, el Dr. \u00c1ngel Torres, vicepresidente de la Instituci\u00f3n, realiz\u00f3 un recorrido sobre los avances en el \u00e1mbito jurisdiccional y electoral, mismos, que han permitido la participaci\u00f3n de la mujer en el \u00e1mbito electoral. Sin embargo, considera que en el contexto cultural a\u00fan existen retos. Mientras que la Dra. Alejandra Guerr\u00f3n realiz\u00f3 la presentaci\u00f3n del curso e-learning, dise\u00f1ado para ofrecer una comprensi\u00f3n profunda de los conceptos, el marco legal nacional e internacional, sobre Violencia de G\u00e9nero y Violencia Pol\u00edtica de G\u00e9nero, que ser\u00e1 de acceso libre para la ciudadan\u00eda y que se podr\u00e1 realizar en l\u00ednea gracias al uso de la tecnolog\u00eda.<\/p>\n\n\n\n<p>Con este evento se cierra el ciclo de capacitaciones de 2024, como TCE reafirmamos nuestro accionar para mantener <strong>un entorno pol\u00edtico libre de violencia para las mujeres con una democracia plena y participativa<\/strong>.<\/p>\n\n\n\n<figure class=\"wp-block-image size-large\"><img loading=\"lazy\" decoding=\"async\" width=\"1280\" height=\"658\" src=\"https:\/\/www.tce.gob.ec\/wp-content\/uploads\/2024\/12\/6-1160x596.jpg\" alt=\"\" class=\"wp-image-12411\" srcset=\"https:\/\/www.tce.gob.ec\/wp-content\/uploads\/2024\/12\/6-1160x596.jpg 1160w, https:\/\/www.tce.gob.ec\/wp-content\/uploads\/2024\/12\/6-719x370.jpg 719w, https:\/\/www.tce.gob.ec\/wp-content\/uploads\/2024\/12\/6-768x395.jpg 768w, https:\/\/www.tce.gob.ec\/wp-content\/uploads\/2024\/12\/6.jpg 1280w\" sizes=\"auto, (max-width: 1280px) 100vw, 1280px\" \/><\/figure>\n<div class=\"pdfprnt-buttons pdfprnt-buttons-post pdfprnt-bottom-right\"><a href=\"https:\/\/www.tce.gob.ec\/index.php\/wp-json\/wp\/v2\/posts\/12406?print=print\" class=\"pdfprnt-button pdfprnt-button-print\" target=\"_blank\"><span class=\"pdfprnt-button-title pdfprnt-button-print-title\">Imprimir<\/span><\/a><\/div>","protected":false},"excerpt":{"rendered":"<div class=\"entry-summary\">\nEl Tribunal Contencioso Electoral (TCE), cerr\u00f3 el ciclo de talleres sobre violencia pol\u00edtica de g\u00e9nero (VPG), un evento&hellip;\n<\/div>\n<div class=\"link-more\"><a href=\"https:\/\/www.tce.gob.ec\/index.php\/2024\/12\/11\/tce-cerro-el-ciclo-de-capacitaciones-sobre-violencia-politica-de-genero\/\" class=\"more-link\">Continuar leyendo<span class=\"screen-reader-text\"> &ldquo;TCE cerr\u00f3 el ciclo de Capacitaciones sobre Violencia Pol\u00edtica de G\u00e9nero&rdquo;<\/span>&hellip;<\/a><\/div>\n","protected":false},"author":11,"featured_media":12407,"comment_status":"closed","ping_status":"closed","sticky":false,"template":"","format":"standard","meta":{"_monsterinsights_skip_tracking":false,"_monsterinsights_sitenote_active":false,"_monsterinsights_sitenote_note":"","_monsterinsights_sitenote_category":0,"footnotes":""},"categories":[30],"tags":[],"table_tags":[],"class_list":["post-12406","post","type-post","status-publish","format-standard","has-post-thumbnail","hentry","category-noticias","entry"],"amp_enabled":true,"_links":{"self":[{"href":"https:\/\/www.tce.gob.ec\/index.php\/wp-json\/wp\/v2\/posts\/12406","targetHints":{"allow":["GET"]}}],"collection":[{"href":"https:\/\/www.tce.gob.ec\/index.php\/wp-json\/wp\/v2\/posts"}],"about":[{"href":"https:\/\/www.tce.gob.ec\/index.php\/wp-json\/wp\/v2\/types\/post"}],"author":[{"embeddable":true,"href":"https:\/\/www.tce.gob.ec\/index.php\/wp-json\/wp\/v2\/users\/11"}],"replies":[{"embeddable":true,"href":"https:\/\/www.tce.gob.ec\/index.php\/wp-json\/wp\/v2\/comments?post=12406"}],"version-history":[{"count":5,"href":"https:\/\/www.tce.gob.ec\/index.php\/wp-json\/wp\/v2\/posts\/12406\/revisions"}],"predecessor-version":[{"id":12420,"href":"https:\/\/www.tce.gob.ec\/index.php\/wp-json\/wp\/v2\/posts\/12406\/revisions\/12420"}],"wp:featuredmedia":[{"embeddable":true,"href":"https:\/\/www.tce.gob.ec\/index.php\/wp-json\/wp\/v2\/media\/12407"}],"wp:attachment":[{"href":"https:\/\/www.tce.gob.ec\/index.php\/wp-json\/wp\/v2\/media?parent=12406"}],"wp:term":[{"taxonomy":"category","embeddable":true,"href":"https:\/\/www.tce.gob.ec\/index.php\/wp-json\/wp\/v2\/categories?post=12406"},{"taxonomy":"post_tag","embeddable":true,"href":"https:\/\/www.tce.gob.ec\/index.php\/wp-json\/wp\/v2\/tags?post=12406"},{"taxonomy":"table_tags","embeddable":true,"href":"https:\/\/www.tce.gob.ec\/index.php\/wp-json\/wp\/v2\/table_tags?post=12406"}],"curies":[{"name":"wp","href":"https:\/\/api.w.org\/{rel}","templated":true}]}}