{"id":13803,"date":"2025-11-27T12:13:49","date_gmt":"2025-11-27T17:13:49","guid":{"rendered":"https:\/\/www.tce.gob.ec\/?p=13803"},"modified":"2025-11-27T12:18:54","modified_gmt":"2025-11-27T17:18:54","slug":"autoridades-del-tce-participaron-en-el-encuentro-nacional-de-juezas-por-la-no-violencia-contra-la-mujer","status":"publish","type":"post","link":"https:\/\/www.tce.gob.ec\/index.php\/2025\/11\/27\/autoridades-del-tce-participaron-en-el-encuentro-nacional-de-juezas-por-la-no-violencia-contra-la-mujer\/","title":{"rendered":"Autoridades del TCE participaron en el Encuentro Nacional de Juezas por la No Violencia contra la Mujer"},"content":{"rendered":"\n<p>El Tribunal Contencioso Electoral (TCE) form\u00f3 parte del Encuentro Nacional de Juezas por la No Violencia contra la Mujer, un espacio de reflexi\u00f3n y an\u00e1lisis desarrollado en el marco del D\u00eda Internacional para la Eliminaci\u00f3n de esta problem\u00e1tica que afecta a miles de ecuatorianas.<br> <\/p>\n\n\n\n<figure class=\"wp-block-image size-large\"><img loading=\"lazy\" decoding=\"async\" width=\"1160\" height=\"591\" src=\"https:\/\/www.tce.gob.ec\/wp-content\/uploads\/2025\/11\/G6slupiXsAw7tJM-1160x591.jpg\" alt=\"\" class=\"wp-image-13807\" srcset=\"https:\/\/www.tce.gob.ec\/wp-content\/uploads\/2025\/11\/G6slupiXsAw7tJM-1160x591.jpg 1160w, https:\/\/www.tce.gob.ec\/wp-content\/uploads\/2025\/11\/G6slupiXsAw7tJM-719x366.jpg 719w, https:\/\/www.tce.gob.ec\/wp-content\/uploads\/2025\/11\/G6slupiXsAw7tJM-768x391.jpg 768w, https:\/\/www.tce.gob.ec\/wp-content\/uploads\/2025\/11\/G6slupiXsAw7tJM.jpg 1418w\" sizes=\"auto, (max-width: 1160px) 100vw, 1160px\" \/><\/figure>\n\n\n\n<p>El encuentro reuni\u00f3 a magistradas de distintas funciones del Estado para fortalecer el compromiso judicial con la igualdad y la erradicaci\u00f3n de la violencia de g\u00e9nero. La jornada incluy\u00f3 ponencias, intercambio de experiencias y la firma simb\u00f3lica del Manifiesto \u201cLa justicia tambi\u00e9n tiene g\u00e9nero: por un Poder Judicial sin violencias\u201d.<br> <\/p>\n\n\n\n<figure class=\"wp-block-image size-large\"><img loading=\"lazy\" decoding=\"async\" width=\"1160\" height=\"644\" src=\"https:\/\/www.tce.gob.ec\/wp-content\/uploads\/2025\/11\/G6smfwnWEAAYfqJ-1160x644.jpg\" alt=\"\" class=\"wp-image-13805\" srcset=\"https:\/\/www.tce.gob.ec\/wp-content\/uploads\/2025\/11\/G6smfwnWEAAYfqJ-1160x644.jpg 1160w, https:\/\/www.tce.gob.ec\/wp-content\/uploads\/2025\/11\/G6smfwnWEAAYfqJ-719x399.jpg 719w, https:\/\/www.tce.gob.ec\/wp-content\/uploads\/2025\/11\/G6smfwnWEAAYfqJ-768x426.jpg 768w, https:\/\/www.tce.gob.ec\/wp-content\/uploads\/2025\/11\/G6smfwnWEAAYfqJ-1536x852.jpg 1536w, https:\/\/www.tce.gob.ec\/wp-content\/uploads\/2025\/11\/G6smfwnWEAAYfqJ.jpg 1600w\" sizes=\"auto, (max-width: 1160px) 100vw, 1160px\" \/><\/figure>\n\n\n\n<p>La Ab. Ivonne Coloma, presidenta del TCE, destac\u00f3 el trabajo institucional para promover la igualdad y la equidad en el ejercicio de los derechos pol\u00edticos. Subray\u00f3 tambi\u00e9n la relevancia del marco jur\u00eddico de la justicia electoral, que respalda la participaci\u00f3n de las mujeres y protege sus garant\u00edas.<\/p>\n\n\n\n<p>La presencia del TCE en este encuentro fortalece la cooperaci\u00f3n entre las altas cortes y reafirma su compromiso con una justicia que impulse la igualdad de derechos y prevenga la violencia pol\u00edtica de g\u00e9nero.<\/p>\n<div class=\"pdfprnt-buttons pdfprnt-buttons-post pdfprnt-bottom-right\"><a href=\"https:\/\/www.tce.gob.ec\/index.php\/wp-json\/wp\/v2\/posts\/13803?print=print\" class=\"pdfprnt-button pdfprnt-button-print\" target=\"_blank\"><span class=\"pdfprnt-button-title pdfprnt-button-print-title\">Imprimir<\/span><\/a><\/div>","protected":false},"excerpt":{"rendered":"<div class=\"entry-summary\">\nEl Tribunal Contencioso Electoral (TCE) form\u00f3 parte del Encuentro Nacional de Juezas por la No Violencia contra la&hellip;\n<\/div>\n<div class=\"link-more\"><a href=\"https:\/\/www.tce.gob.ec\/index.php\/2025\/11\/27\/autoridades-del-tce-participaron-en-el-encuentro-nacional-de-juezas-por-la-no-violencia-contra-la-mujer\/\" class=\"more-link\">Continuar leyendo<span class=\"screen-reader-text\"> &ldquo;Autoridades del TCE participaron en el Encuentro Nacional de Juezas por la No Violencia contra la Mujer&rdquo;<\/span>&hellip;<\/a><\/div>\n","protected":false},"author":11,"featured_media":13804,"comment_status":"closed","ping_status":"closed","sticky":false,"template":"","format":"standard","meta":{"_monsterinsights_skip_tracking":false,"_monsterinsights_sitenote_active":false,"_monsterinsights_sitenote_note":"","_monsterinsights_sitenote_category":0,"footnotes":""},"categories":[30],"tags":[],"table_tags":[],"class_list":["post-13803","post","type-post","status-publish","format-standard","has-post-thumbnail","hentry","category-noticias","entry"],"amp_enabled":true,"_links":{"self":[{"href":"https:\/\/www.tce.gob.ec\/index.php\/wp-json\/wp\/v2\/posts\/13803","targetHints":{"allow":["GET"]}}],"collection":[{"href":"https:\/\/www.tce.gob.ec\/index.php\/wp-json\/wp\/v2\/posts"}],"about":[{"href":"https:\/\/www.tce.gob.ec\/index.php\/wp-json\/wp\/v2\/types\/post"}],"author":[{"embeddable":true,"href":"https:\/\/www.tce.gob.ec\/index.php\/wp-json\/wp\/v2\/users\/11"}],"replies":[{"embeddable":true,"href":"https:\/\/www.tce.gob.ec\/index.php\/wp-json\/wp\/v2\/comments?post=13803"}],"version-history":[{"count":3,"href":"https:\/\/www.tce.gob.ec\/index.php\/wp-json\/wp\/v2\/posts\/13803\/revisions"}],"predecessor-version":[{"id":13809,"href":"https:\/\/www.tce.gob.ec\/index.php\/wp-json\/wp\/v2\/posts\/13803\/revisions\/13809"}],"wp:featuredmedia":[{"embeddable":true,"href":"https:\/\/www.tce.gob.ec\/index.php\/wp-json\/wp\/v2\/media\/13804"}],"wp:attachment":[{"href":"https:\/\/www.tce.gob.ec\/index.php\/wp-json\/wp\/v2\/media?parent=13803"}],"wp:term":[{"taxonomy":"category","embeddable":true,"href":"https:\/\/www.tce.gob.ec\/index.php\/wp-json\/wp\/v2\/categories?post=13803"},{"taxonomy":"post_tag","embeddable":true,"href":"https:\/\/www.tce.gob.ec\/index.php\/wp-json\/wp\/v2\/tags?post=13803"},{"taxonomy":"table_tags","embeddable":true,"href":"https:\/\/www.tce.gob.ec\/index.php\/wp-json\/wp\/v2\/table_tags?post=13803"}],"curies":[{"name":"wp","href":"https:\/\/api.w.org\/{rel}","templated":true}]}}