{"id":2193,"date":"2020-11-25T00:30:00","date_gmt":"2020-11-25T05:30:00","guid":{"rendered":"https:\/\/www.tce.gob.ec\/?p=2193"},"modified":"2021-12-17T10:30:53","modified_gmt":"2021-12-17T15:30:53","slug":"25-de-noviembre-dia-internacional-de-la-eliminacion-de-la-violencia-contra-la-mujer","status":"publish","type":"post","link":"https:\/\/www.tce.gob.ec\/index.php\/2020\/11\/25\/25-de-noviembre-dia-internacional-de-la-eliminacion-de-la-violencia-contra-la-mujer\/","title":{"rendered":"25 de Noviembre D\u00eda Internacional de la Eliminaci\u00f3n de la Violencia contra la Mujer"},"content":{"rendered":"\n<p>La historia nos cuenta que las violaciones&nbsp; de&nbsp; los&nbsp; derechos&nbsp; humanos han afectado&nbsp; tanto&nbsp; a&nbsp; hombres&nbsp; como mujeres, pero su&nbsp; impacto&nbsp; var\u00eda&nbsp; de&nbsp; acuerdo&nbsp; con&nbsp; el&nbsp; sexo&nbsp; de&nbsp; la&nbsp; v\u00edctima, manifest\u00e1ndose de forma f\u00edsica, sexual y psicol\u00f3gica, en mayor medida en contra de la mujer.<\/p>\n\n\n\n<div class=\"wp-block-image\"><figure class=\"aligncenter\"><img decoding=\"async\" src=\"http:\/\/www.tce.gob.ec\/wp-content\/uploads\/2020\/11\/17.jpg\" alt=\"\"\/><\/figure><\/div>\n\n\n\n<p>A partir de 1981, Latinoam\u00e9rica conmemora cada 25 de noviembre el d\u00eda contra la violencia de g\u00e9nero en honor a las hermanas Minerva, Patria y Mar\u00eda Teresa Mirabal, tres mujeres dominicanas asesinadas el 25 de noviembre de 1960 por mostrar su oposici\u00f3n al dictador Rafael Le\u00f3nidas Trujillo. Para 1999, la ONU declar\u00f3 cada 25 de noviembre como el D\u00eda Internacional para la Eliminaci\u00f3n de la Violencia contra la Mujer, en honor a las hermanas Mirabal.<\/p>\n\n\n\n<div class=\"wp-block-image\"><figure class=\"aligncenter\"><img decoding=\"async\" src=\"http:\/\/www.tce.gob.ec\/wp-content\/uploads\/2020\/11\/16.jpg\" alt=\"\"\/><\/figure><\/div>\n\n\n\n<p>La&nbsp; violencia contra la mujer registra cifras alarmantes y se extiende a otros niveles de la sociedad entre ellas, la Violencia Pol\u00edtica de G\u00e9nero, &nbsp;violencia que impide el ejercicio de las mujeres en funciones o cargos p\u00fablicos, restringiendo su participaci\u00f3n y accionar en la vida pol\u00edtica.<\/p>\n\n\n\n<p>La realidad de la representaci\u00f3n de las mujeres a\u00fan tiene muchos desaf\u00edos, \u00e9l C\u00f3digo de la Democracia clasifica la violencia pol\u00edtica de g\u00e9nero como una infracci\u00f3n electoral muy grave, acciones encaminadas al respeto de los derechos pol\u00edticos de las mujeres.<\/p>\n\n\n\n<div class=\"wp-block-image\"><figure class=\"aligncenter\"><img decoding=\"async\" src=\"http:\/\/www.tce.gob.ec\/wp-content\/uploads\/2020\/11\/15.jpg\" alt=\"\"\/><\/figure><\/div>\n\n\n\n<p>Comprometidos con la lucha para erradicar este tipo de violencia, participamos en la campa\u00f1a mundial, \u201cPinta el mundo de naranja\u201d; como Tribunal Contencioso Electoral trabajamos para impartir justicia y sancionar las infracciones de Violencia Pol\u00edtica de G\u00e9nero.<\/p>\n<div class=\"pdfprnt-buttons pdfprnt-buttons-post pdfprnt-bottom-right\"><a href=\"https:\/\/www.tce.gob.ec\/index.php\/wp-json\/wp\/v2\/posts\/2193?print=print\" class=\"pdfprnt-button pdfprnt-button-print\" target=\"_blank\"><span class=\"pdfprnt-button-title pdfprnt-button-print-title\">Imprimir<\/span><\/a><\/div>","protected":false},"excerpt":{"rendered":"<div class=\"entry-summary\">\nLa historia nos cuenta que las violaciones\u00a0 de\u00a0 los\u00a0 derechos\u00a0 humanos han afectado\u00a0 tanto\u00a0 a\u00a0 hombres\u00a0 como mujeres&#8230;\n<\/div>\n<div class=\"link-more\"><a href=\"https:\/\/www.tce.gob.ec\/index.php\/2020\/11\/25\/25-de-noviembre-dia-internacional-de-la-eliminacion-de-la-violencia-contra-la-mujer\/\" class=\"more-link\">Continuar leyendo<span class=\"screen-reader-text\"> &ldquo;25 de Noviembre D\u00eda Internacional de la Eliminaci\u00f3n de la Violencia contra la Mujer&rdquo;<\/span>&hellip;<\/a><\/div>\n","protected":false},"author":10,"featured_media":6232,"comment_status":"closed","ping_status":"closed","sticky":false,"template":"","format":"standard","meta":{"_monsterinsights_skip_tracking":false,"_monsterinsights_sitenote_active":false,"_monsterinsights_sitenote_note":"","_monsterinsights_sitenote_category":0,"footnotes":""},"categories":[30],"tags":[],"table_tags":[],"class_list":["post-2193","post","type-post","status-publish","format-standard","has-post-thumbnail","hentry","category-noticias","entry"],"amp_enabled":true,"_links":{"self":[{"href":"https:\/\/www.tce.gob.ec\/index.php\/wp-json\/wp\/v2\/posts\/2193","targetHints":{"allow":["GET"]}}],"collection":[{"href":"https:\/\/www.tce.gob.ec\/index.php\/wp-json\/wp\/v2\/posts"}],"about":[{"href":"https:\/\/www.tce.gob.ec\/index.php\/wp-json\/wp\/v2\/types\/post"}],"author":[{"embeddable":true,"href":"https:\/\/www.tce.gob.ec\/index.php\/wp-json\/wp\/v2\/users\/10"}],"replies":[{"embeddable":true,"href":"https:\/\/www.tce.gob.ec\/index.php\/wp-json\/wp\/v2\/comments?post=2193"}],"version-history":[{"count":3,"href":"https:\/\/www.tce.gob.ec\/index.php\/wp-json\/wp\/v2\/posts\/2193\/revisions"}],"predecessor-version":[{"id":4232,"href":"https:\/\/www.tce.gob.ec\/index.php\/wp-json\/wp\/v2\/posts\/2193\/revisions\/4232"}],"wp:featuredmedia":[{"embeddable":true,"href":"https:\/\/www.tce.gob.ec\/index.php\/wp-json\/wp\/v2\/media\/6232"}],"wp:attachment":[{"href":"https:\/\/www.tce.gob.ec\/index.php\/wp-json\/wp\/v2\/media?parent=2193"}],"wp:term":[{"taxonomy":"category","embeddable":true,"href":"https:\/\/www.tce.gob.ec\/index.php\/wp-json\/wp\/v2\/categories?post=2193"},{"taxonomy":"post_tag","embeddable":true,"href":"https:\/\/www.tce.gob.ec\/index.php\/wp-json\/wp\/v2\/tags?post=2193"},{"taxonomy":"table_tags","embeddable":true,"href":"https:\/\/www.tce.gob.ec\/index.php\/wp-json\/wp\/v2\/table_tags?post=2193"}],"curies":[{"name":"wp","href":"https:\/\/api.w.org\/{rel}","templated":true}]}}