{"id":7245,"date":"2022-04-21T13:33:16","date_gmt":"2022-04-21T18:33:16","guid":{"rendered":"https:\/\/www.tce.gob.ec\/?p=7245"},"modified":"2022-04-21T13:43:34","modified_gmt":"2022-04-21T18:43:34","slug":"tce-realizo-en-manabi-el-conversatorio-procesos-contencioso-electorales-para-las-elecciones-seccionales-2023-y-consejo-de-participacion-ciudadana-y-control-social-y-la-aplicacion-del-codigo-de-la-d","status":"publish","type":"post","link":"https:\/\/www.tce.gob.ec\/index.php\/2022\/04\/21\/tce-realizo-en-manabi-el-conversatorio-procesos-contencioso-electorales-para-las-elecciones-seccionales-2023-y-consejo-de-participacion-ciudadana-y-control-social-y-la-aplicacion-del-codigo-de-la-d\/","title":{"rendered":"TCE realiz\u00f3 en Manab\u00ed el conversatorio &#8220;Procesos Contencioso Electorales para las Elecciones seccionales 2023 y Consejo de Participaci\u00f3n Ciudadana y Control Social; y la aplicaci\u00f3n del C\u00f3digo de la Democracia"},"content":{"rendered":"\n<p>Manta.-&nbsp; Aforo completo en el conversatorio sobre &#8220;Procesos Contencioso Electorales para las Elecciones seccionales 2023 y Consejo de Participaci\u00f3n Ciudadana y Control Social; y la aplicaci\u00f3n del C\u00f3digo de la Democracia, dictada por el Dr. Arturo Cabrera, desde el Paraninfo Alfonso Aguilar Ruilova de la Universidad Laica Eloy Alfaro de Manab\u00ed.<\/p>\n\n\n\n<p>Este evento cont\u00f3 con la presencia de autoridades locales como el Mgs. Agust\u00edn Intriago, Alcalde del GAD Manta, el Ing. Agust\u00edn Casanova, Alcalde de Portoviejo, el PhD. Marco Zambrano, Rector de la Universidad Laica Eloy Alfaro (Uleam); representantes de las Organizaciones Pol\u00edticas, de las Juntas Parroquiales de Manab\u00ed, de la academia; l\u00edderes gremiales, dirigentes barriales, ciudadanos y medios de comunicaci\u00f3n de la provincia.<\/p>\n\n\n\n<figure class=\"wp-block-gallery columns-1 is-cropped wp-block-gallery-1 is-layout-flex wp-block-gallery-is-layout-flex\"><ul class=\"blocks-gallery-grid\"><li class=\"blocks-gallery-item\"><figure><img loading=\"lazy\" decoding=\"async\" width=\"1160\" height=\"652\" src=\"https:\/\/www.tce.gob.ec\/wp-content\/uploads\/2022\/04\/2-1-1160x652.jpg\" alt=\"\" data-id=\"7249\" data-full-url=\"https:\/\/www.tce.gob.ec\/wp-content\/uploads\/2022\/04\/2-1.jpg\" data-link=\"https:\/\/www.tce.gob.ec\/?attachment_id=7249\" class=\"wp-image-7249\" srcset=\"https:\/\/www.tce.gob.ec\/wp-content\/uploads\/2022\/04\/2-1-1160x652.jpg 1160w, https:\/\/www.tce.gob.ec\/wp-content\/uploads\/2022\/04\/2-1-719x404.jpg 719w, https:\/\/www.tce.gob.ec\/wp-content\/uploads\/2022\/04\/2-1-800x450.jpg 800w, https:\/\/www.tce.gob.ec\/wp-content\/uploads\/2022\/04\/2-1-768x432.jpg 768w, https:\/\/www.tce.gob.ec\/wp-content\/uploads\/2022\/04\/2-1-1536x864.jpg 1536w, https:\/\/www.tce.gob.ec\/wp-content\/uploads\/2022\/04\/2-1.jpg 1599w\" sizes=\"auto, (max-width: 1160px) 100vw, 1160px\" \/><\/figure><\/li><\/ul><\/figure>\n\n\n\n<p>El PhD. Marcos Zambrano, Rector de la ULEAM en su intervenci\u00f3n, recalc\u00f3 la importancia de este tipo de eventos, donde se congrega&nbsp; a personas especializadas en temas electorales como el Presidente del Tribunal Contencioso Electoral, afirm\u00f3 tambi\u00e9n, que la educaci\u00f3n es la v\u00eda m\u00e1s id\u00f3nea para orientar y afianzar la democracia.<\/p>\n\n\n\n<figure class=\"wp-block-gallery columns-1 is-cropped wp-block-gallery-2 is-layout-flex wp-block-gallery-is-layout-flex\"><ul class=\"blocks-gallery-grid\"><li class=\"blocks-gallery-item\"><figure><img loading=\"lazy\" decoding=\"async\" width=\"1160\" height=\"652\" src=\"https:\/\/www.tce.gob.ec\/wp-content\/uploads\/2022\/04\/5-1-1160x652.jpg\" alt=\"\" data-id=\"7248\" data-full-url=\"https:\/\/www.tce.gob.ec\/wp-content\/uploads\/2022\/04\/5-1.jpg\" data-link=\"https:\/\/www.tce.gob.ec\/?attachment_id=7248\" class=\"wp-image-7248\" srcset=\"https:\/\/www.tce.gob.ec\/wp-content\/uploads\/2022\/04\/5-1-1160x652.jpg 1160w, https:\/\/www.tce.gob.ec\/wp-content\/uploads\/2022\/04\/5-1-719x404.jpg 719w, https:\/\/www.tce.gob.ec\/wp-content\/uploads\/2022\/04\/5-1-800x450.jpg 800w, https:\/\/www.tce.gob.ec\/wp-content\/uploads\/2022\/04\/5-1-768x432.jpg 768w, https:\/\/www.tce.gob.ec\/wp-content\/uploads\/2022\/04\/5-1-1536x864.jpg 1536w, https:\/\/www.tce.gob.ec\/wp-content\/uploads\/2022\/04\/5-1.jpg 1599w\" sizes=\"auto, (max-width: 1160px) 100vw, 1160px\" \/><\/figure><\/li><\/ul><\/figure>\n\n\n\n<p>Por su parte el alcalde de Manta, Ing. Agust\u00edn Intriago, destac\u00f3 la necesidad de realizar este tipo de capacitaciones, como una herramienta que afianza los procesos democr\u00e1ticos, se refiri\u00f3 tambi\u00e9n a la fragilidad institucional que est\u00e1 enfrentando el pa\u00eds y el desinter\u00e9s de la ciudadan\u00eda. Menciona que es necesario que las personas&nbsp; que quieran producir cambios, participen en los procesos electorales.<\/p>\n\n\n\n<figure class=\"wp-block-image size-full\"><img loading=\"lazy\" decoding=\"async\" width=\"868\" height=\"623\" src=\"https:\/\/www.tce.gob.ec\/wp-content\/uploads\/2022\/04\/WhatsApp-Image-2022-04-20-at-3.19.06-PM-2.jpeg\" alt=\"\" class=\"wp-image-7252\" srcset=\"https:\/\/www.tce.gob.ec\/wp-content\/uploads\/2022\/04\/WhatsApp-Image-2022-04-20-at-3.19.06-PM-2.jpeg 868w, https:\/\/www.tce.gob.ec\/wp-content\/uploads\/2022\/04\/WhatsApp-Image-2022-04-20-at-3.19.06-PM-2-719x516.jpeg 719w, https:\/\/www.tce.gob.ec\/wp-content\/uploads\/2022\/04\/WhatsApp-Image-2022-04-20-at-3.19.06-PM-2-768x551.jpeg 768w\" sizes=\"auto, (max-width: 868px) 100vw, 868px\" \/><\/figure>\n\n\n\n<p>En su intervenci\u00f3n el Dr. Arturo Cabrera, Presidente del TCE resalt\u00f3 el compromiso de todos los actores sociales para que el proceso electoral cumpla los tiempos del calendario, indic\u00f3 que estos conversatorios, tienen como objetivo impulsar el conocimiento de la ley electoral, as\u00ed como las normas y procedimientos estipulados en el C\u00f3digo de la Democracia, tales como el sistema de votaci\u00f3n (lista cerrada); &nbsp;la representaci\u00f3n incluyente del 30% de mujeres y el 25% de j\u00f3venes, comprender y cumplir con el requisito de pertenencia, establecido en el art\u00edculo 95, entre otros; de ah\u00ed la importancia de la participaci\u00f3n y compromiso de los movimientos y partidos en estas actividades previas al proceso electoral.<\/p>\n\n\n\n<figure class=\"wp-block-gallery columns-1 is-cropped wp-block-gallery-3 is-layout-flex wp-block-gallery-is-layout-flex\"><ul class=\"blocks-gallery-grid\"><li class=\"blocks-gallery-item\"><figure><img loading=\"lazy\" decoding=\"async\" width=\"1160\" height=\"821\" src=\"https:\/\/www.tce.gob.ec\/wp-content\/uploads\/2022\/04\/WhatsApp-Image-2022-04-21-at-1.20.10-PM-1160x821.jpeg\" alt=\"\" data-id=\"7255\" data-full-url=\"https:\/\/www.tce.gob.ec\/wp-content\/uploads\/2022\/04\/WhatsApp-Image-2022-04-21-at-1.20.10-PM.jpeg\" data-link=\"https:\/\/www.tce.gob.ec\/index.php\/2022\/04\/21\/tce-realizo-en-manabi-el-conversatorio-procesos-contencioso-electorales-para-las-elecciones-seccionales-2023-y-consejo-de-participacion-ciudadana-y-control-social-y-la-aplicacion-del-codigo-de-la-d\/whatsapp-image-2022-04-21-at-1-20-10-pm\/\" class=\"wp-image-7255\" srcset=\"https:\/\/www.tce.gob.ec\/wp-content\/uploads\/2022\/04\/WhatsApp-Image-2022-04-21-at-1.20.10-PM-1160x821.jpeg 1160w, https:\/\/www.tce.gob.ec\/wp-content\/uploads\/2022\/04\/WhatsApp-Image-2022-04-21-at-1.20.10-PM-719x509.jpeg 719w, https:\/\/www.tce.gob.ec\/wp-content\/uploads\/2022\/04\/WhatsApp-Image-2022-04-21-at-1.20.10-PM-768x544.jpeg 768w, https:\/\/www.tce.gob.ec\/wp-content\/uploads\/2022\/04\/WhatsApp-Image-2022-04-21-at-1.20.10-PM.jpeg 1280w\" sizes=\"auto, (max-width: 1160px) 100vw, 1160px\" \/><\/figure><\/li><\/ul><\/figure>\n\n\n\n<p>Concluido el evento se realiz\u00f3 la entrega de certificados de participaci\u00f3n, adem\u00e1s de un reconocimiento al PhD. Marcos Zambrano, Rector de la ULEAM por su valiosa colaboraci\u00f3n, en la organizaci\u00f3n del conversatorio, por parte del Dr. Arturo Cabrera.<\/p>\n\n\n\n<figure class=\"wp-block-gallery columns-1 is-cropped wp-block-gallery-4 is-layout-flex wp-block-gallery-is-layout-flex\"><ul class=\"blocks-gallery-grid\"><li class=\"blocks-gallery-item\"><figure><img loading=\"lazy\" decoding=\"async\" width=\"1160\" height=\"773\" src=\"https:\/\/www.tce.gob.ec\/wp-content\/uploads\/2022\/04\/032-1160x773.jpg\" alt=\"\" data-id=\"7253\" data-full-url=\"https:\/\/www.tce.gob.ec\/wp-content\/uploads\/2022\/04\/032.jpg\" data-link=\"https:\/\/www.tce.gob.ec\/?attachment_id=7253\" class=\"wp-image-7253\" srcset=\"https:\/\/www.tce.gob.ec\/wp-content\/uploads\/2022\/04\/032-1160x773.jpg 1160w, https:\/\/www.tce.gob.ec\/wp-content\/uploads\/2022\/04\/032-719x479.jpg 719w, https:\/\/www.tce.gob.ec\/wp-content\/uploads\/2022\/04\/032-768x512.jpg 768w, https:\/\/www.tce.gob.ec\/wp-content\/uploads\/2022\/04\/032.jpg 1280w\" sizes=\"auto, (max-width: 1160px) 100vw, 1160px\" \/><\/figure><\/li><\/ul><\/figure>\n<div class=\"pdfprnt-buttons pdfprnt-buttons-post pdfprnt-bottom-right\"><a href=\"https:\/\/www.tce.gob.ec\/index.php\/wp-json\/wp\/v2\/posts\/7245?print=print\" class=\"pdfprnt-button pdfprnt-button-print\" target=\"_blank\"><span class=\"pdfprnt-button-title pdfprnt-button-print-title\">Imprimir<\/span><\/a><\/div>","protected":false},"excerpt":{"rendered":"<div class=\"entry-summary\">\nManta.-&nbsp; Aforo completo en el conversatorio sobre &#8220;Procesos Contencioso Electorales para las Elecciones seccionales 2023 y Consejo de&hellip;\n<\/div>\n<div class=\"link-more\"><a href=\"https:\/\/www.tce.gob.ec\/index.php\/2022\/04\/21\/tce-realizo-en-manabi-el-conversatorio-procesos-contencioso-electorales-para-las-elecciones-seccionales-2023-y-consejo-de-participacion-ciudadana-y-control-social-y-la-aplicacion-del-codigo-de-la-d\/\" class=\"more-link\">Continuar leyendo<span class=\"screen-reader-text\"> &ldquo;TCE realiz\u00f3 en Manab\u00ed el conversatorio &#8220;Procesos Contencioso Electorales para las Elecciones seccionales 2023 y Consejo de Participaci\u00f3n Ciudadana y Control Social; y la aplicaci\u00f3n del C\u00f3digo de la Democracia&rdquo;<\/span>&hellip;<\/a><\/div>\n","protected":false},"author":11,"featured_media":7246,"comment_status":"closed","ping_status":"closed","sticky":false,"template":"","format":"standard","meta":{"_monsterinsights_skip_tracking":false,"_monsterinsights_sitenote_active":false,"_monsterinsights_sitenote_note":"","_monsterinsights_sitenote_category":0,"footnotes":""},"categories":[30],"tags":[],"table_tags":[],"class_list":["post-7245","post","type-post","status-publish","format-standard","has-post-thumbnail","hentry","category-noticias","entry"],"amp_enabled":true,"_links":{"self":[{"href":"https:\/\/www.tce.gob.ec\/index.php\/wp-json\/wp\/v2\/posts\/7245","targetHints":{"allow":["GET"]}}],"collection":[{"href":"https:\/\/www.tce.gob.ec\/index.php\/wp-json\/wp\/v2\/posts"}],"about":[{"href":"https:\/\/www.tce.gob.ec\/index.php\/wp-json\/wp\/v2\/types\/post"}],"author":[{"embeddable":true,"href":"https:\/\/www.tce.gob.ec\/index.php\/wp-json\/wp\/v2\/users\/11"}],"replies":[{"embeddable":true,"href":"https:\/\/www.tce.gob.ec\/index.php\/wp-json\/wp\/v2\/comments?post=7245"}],"version-history":[{"count":2,"href":"https:\/\/www.tce.gob.ec\/index.php\/wp-json\/wp\/v2\/posts\/7245\/revisions"}],"predecessor-version":[{"id":7257,"href":"https:\/\/www.tce.gob.ec\/index.php\/wp-json\/wp\/v2\/posts\/7245\/revisions\/7257"}],"wp:featuredmedia":[{"embeddable":true,"href":"https:\/\/www.tce.gob.ec\/index.php\/wp-json\/wp\/v2\/media\/7246"}],"wp:attachment":[{"href":"https:\/\/www.tce.gob.ec\/index.php\/wp-json\/wp\/v2\/media?parent=7245"}],"wp:term":[{"taxonomy":"category","embeddable":true,"href":"https:\/\/www.tce.gob.ec\/index.php\/wp-json\/wp\/v2\/categories?post=7245"},{"taxonomy":"post_tag","embeddable":true,"href":"https:\/\/www.tce.gob.ec\/index.php\/wp-json\/wp\/v2\/tags?post=7245"},{"taxonomy":"table_tags","embeddable":true,"href":"https:\/\/www.tce.gob.ec\/index.php\/wp-json\/wp\/v2\/table_tags?post=7245"}],"curies":[{"name":"wp","href":"https:\/\/api.w.org\/{rel}","templated":true}]}}