{"id":7424,"date":"2022-05-30T13:29:35","date_gmt":"2022-05-30T18:29:35","guid":{"rendered":"https:\/\/www.tce.gob.ec\/?p=7424"},"modified":"2022-05-31T12:35:14","modified_gmt":"2022-05-31T17:35:14","slug":"arturo-cabrera-jefe-de-mision-de-observacion-de-uniore-para-las-elecciones-presidenciales-de-colombia","status":"publish","type":"post","link":"https:\/\/www.tce.gob.ec\/index.php\/2022\/05\/30\/arturo-cabrera-jefe-de-mision-de-observacion-de-uniore-para-las-elecciones-presidenciales-de-colombia\/","title":{"rendered":"Arturo Cabrera Jefe de Misi\u00f3n de Observaci\u00f3n de UNIORE para las elecciones presidenciales de Colombia"},"content":{"rendered":"\n<p>El Dr. Arturo Cabrera particip\u00f3 como Jefe de Misi\u00f3n de Observaci\u00f3n (MOE) de UNIORE en las elecciones presidenciales de Colombia para el periodo 2022-2026, como parte de la delegaci\u00f3n asisti\u00f3 el Dr. Fernando Mu\u00f1oz, Juez Principal de la Instituci\u00f3n junto a expertos internacionales.<\/p>\n\n\n\n<figure class=\"wp-block-gallery columns-1 is-cropped wp-block-gallery-1 is-layout-flex wp-block-gallery-is-layout-flex\"><ul class=\"blocks-gallery-grid\"><li class=\"blocks-gallery-item\"><figure><img loading=\"lazy\" decoding=\"async\" width=\"1024\" height=\"683\" src=\"https:\/\/www.tce.gob.ec\/wp-content\/uploads\/2022\/05\/261.jpg\" alt=\"\" data-id=\"7425\" data-full-url=\"https:\/\/www.tce.gob.ec\/wp-content\/uploads\/2022\/05\/261.jpg\" data-link=\"https:\/\/www.tce.gob.ec\/?attachment_id=7425\" class=\"wp-image-7425\" srcset=\"https:\/\/www.tce.gob.ec\/wp-content\/uploads\/2022\/05\/261.jpg 1024w, https:\/\/www.tce.gob.ec\/wp-content\/uploads\/2022\/05\/261-719x480.jpg 719w, https:\/\/www.tce.gob.ec\/wp-content\/uploads\/2022\/05\/261-768x512.jpg 768w\" sizes=\"auto, (max-width: 1024px) 100vw, 1024px\" \/><\/figure><\/li><\/ul><\/figure>\n\n\n\n<p>El acto protocolario y de Instalaci\u00f3n de la Misi\u00f3n de Observaci\u00f3n Electoral Internacional inici\u00f3 con la intervenci\u00f3n de C\u00e9sar Augusto Abreo, presidente del Consejo Nacional Electoral de Colombia (CNE), seguido de las palabras de Alexander Vega, Registrador Nacional del Estado Civil; intervinieron tambi\u00e9n Arturo Cabrera, Jefe de Misi\u00f3n de UNIORE y Presidente del Tribunal Contencioso Electoral de Ecuador y Daniel Palacios, Ministro del Interior del pa\u00eds anfitri\u00f3n.<\/p>\n\n\n\n<p>En esta jornada los Observadores Internacionales participaron en las Conferencias:<\/p>\n\n\n\n<figure class=\"wp-block-gallery columns-1 is-cropped wp-block-gallery-2 is-layout-flex wp-block-gallery-is-layout-flex\"><ul class=\"blocks-gallery-grid\"><li class=\"blocks-gallery-item\"><figure><img loading=\"lazy\" decoding=\"async\" width=\"1160\" height=\"653\" src=\"https:\/\/www.tce.gob.ec\/wp-content\/uploads\/2022\/05\/6-1160x653.jpg\" alt=\"\" data-id=\"7430\" data-full-url=\"https:\/\/www.tce.gob.ec\/wp-content\/uploads\/2022\/05\/6.jpg\" data-link=\"https:\/\/www.tce.gob.ec\/?attachment_id=7430\" class=\"wp-image-7430\" srcset=\"https:\/\/www.tce.gob.ec\/wp-content\/uploads\/2022\/05\/6-1160x653.jpg 1160w, https:\/\/www.tce.gob.ec\/wp-content\/uploads\/2022\/05\/6-719x404.jpg 719w, https:\/\/www.tce.gob.ec\/wp-content\/uploads\/2022\/05\/6-800x450.jpg 800w, https:\/\/www.tce.gob.ec\/wp-content\/uploads\/2022\/05\/6-768x432.jpg 768w, https:\/\/www.tce.gob.ec\/wp-content\/uploads\/2022\/05\/6.jpg 1280w\" sizes=\"auto, (max-width: 1160px) 100vw, 1160px\" \/><\/figure><\/li><\/ul><\/figure>\n\n\n\n<p>1.- \u201cDesaf\u00edos y Oportunidades De Las Elecciones Presidenciales 2022\u201d<\/p>\n\n\n\n<p>2.- La Registradur\u00eda Nacional del Estado Civil como &#8220;Garantes de la democracia\u201d.<\/p>\n\n\n\n<p>Posteriormente asistieron al Panel: \u201cAn\u00e1lisis Del Contexto Pol\u00edtico de la Elecci\u00f3n Presidencial 2022\u201d; y a la presentaci\u00f3n virtual de los candidatos a la Presidencia de Colombia; tambi\u00e9n realizaron un An\u00e1lisis desde la Observaci\u00f3n Internacional, a cargo de la Misi\u00f3n de acompa\u00f1amiento Internacional.<\/p>\n\n\n\n<p>Los delegados de la Misi\u00f3n acudieron a la capacitaci\u00f3n t\u00e9cnica y log\u00edstica, donde se consider\u00f3 las Soluciones Tecnol\u00f3gicas frente al Proceso Electoral, as\u00ed como, los Sistemas de Informaci\u00f3n para las elecciones. Otro tema importante se present\u00f3 en el Panel 1: \u201cIntroducci\u00f3n a la Red Mundial de Justicia Electoral: La tutela efectiva de derechos pol\u00edtico-electorales en perspectiva global\u201d.<\/p>\n\n\n\n<figure class=\"wp-block-gallery columns-1 is-cropped wp-block-gallery-3 is-layout-flex wp-block-gallery-is-layout-flex\"><ul class=\"blocks-gallery-grid\"><li class=\"blocks-gallery-item\"><figure><img loading=\"lazy\" decoding=\"async\" width=\"960\" height=\"540\" src=\"https:\/\/www.tce.gob.ec\/wp-content\/uploads\/2022\/05\/098.jpg\" alt=\"\" data-id=\"7434\" data-full-url=\"https:\/\/www.tce.gob.ec\/wp-content\/uploads\/2022\/05\/098.jpg\" data-link=\"https:\/\/www.tce.gob.ec\/?attachment_id=7434\" class=\"wp-image-7434\" srcset=\"https:\/\/www.tce.gob.ec\/wp-content\/uploads\/2022\/05\/098.jpg 960w, https:\/\/www.tce.gob.ec\/wp-content\/uploads\/2022\/05\/098-719x404.jpg 719w, https:\/\/www.tce.gob.ec\/wp-content\/uploads\/2022\/05\/098-800x450.jpg 800w, https:\/\/www.tce.gob.ec\/wp-content\/uploads\/2022\/05\/098-768x432.jpg 768w\" sizes=\"auto, (max-width: 960px) 100vw, 960px\" \/><\/figure><\/li><\/ul><\/figure>\n\n\n\n<p>En el panel 2 se abord\u00f3 las \u201cL\u00edneas tem\u00e1ticas del trabajo de los Observatorios de la Red Mundial: Igualdad de G\u00e9nero, Independencia Judicial y Redes Sociales\u201d.<\/p>\n\n\n\n<p>La Organizaci\u00f3n Electoral de Colombia realiz\u00f3 la reuni\u00f3n de log\u00edstica, donde se entreg\u00f3 los &nbsp;Formularios de Observaci\u00f3n y se present\u00f3 a los coordinadores de rutas, se socializ\u00f3 los puntos de votaci\u00f3n a visitar; al Dr. Arturo Cabrera, jefe de Misi\u00f3n de UNIORE, se le design\u00f3 la Ruta 1, que inclu\u00eda seis recintos, actividad que desarroll\u00f3 junto al equipo de expertos electorales de Rep\u00fablica Dominicana, El Salvador, M\u00e9xico, Guatemala, Per\u00fa y del &nbsp;Centro de Asesor\u00eda y Promoci\u00f3n Electoral del Instituto Interamericano de Derechos Humanos (IIDH-Capel).<\/p>\n\n\n\n<figure class=\"wp-block-gallery columns-1 is-cropped wp-block-gallery-4 is-layout-flex wp-block-gallery-is-layout-flex\"><ul class=\"blocks-gallery-grid\"><li class=\"blocks-gallery-item\"><figure><img loading=\"lazy\" decoding=\"async\" width=\"1160\" height=\"510\" src=\"https:\/\/www.tce.gob.ec\/wp-content\/uploads\/2022\/05\/456-1160x510.jpg\" alt=\"\" data-id=\"7431\" data-full-url=\"https:\/\/www.tce.gob.ec\/wp-content\/uploads\/2022\/05\/456.jpg\" data-link=\"https:\/\/www.tce.gob.ec\/?attachment_id=7431\" class=\"wp-image-7431\" srcset=\"https:\/\/www.tce.gob.ec\/wp-content\/uploads\/2022\/05\/456-1160x510.jpg 1160w, https:\/\/www.tce.gob.ec\/wp-content\/uploads\/2022\/05\/456-719x316.jpg 719w, https:\/\/www.tce.gob.ec\/wp-content\/uploads\/2022\/05\/456-768x338.jpg 768w, https:\/\/www.tce.gob.ec\/wp-content\/uploads\/2022\/05\/456.jpg 1259w\" sizes=\"auto, (max-width: 1160px) 100vw, 1160px\" \/><\/figure><\/li><\/ul><\/figure>\n\n\n\n<p>El domingo 29 de mayo, los observadores internacionales participaron en el acto de apertura de las elecciones Presidenciales, para luego trasladarse a los puestos de votaci\u00f3n donde a partir de las 8:00 a.m. hasta las 4:00 p.m., los votantes tanto en territorio nacional como en el exterior pudieron ejercer su derecho al voto.<\/p>\n\n\n\n<figure class=\"wp-block-gallery columns-1 is-cropped wp-block-gallery-5 is-layout-flex wp-block-gallery-is-layout-flex\"><ul class=\"blocks-gallery-grid\"><li class=\"blocks-gallery-item\"><figure><img loading=\"lazy\" decoding=\"async\" width=\"1024\" height=\"576\" src=\"https:\/\/www.tce.gob.ec\/wp-content\/uploads\/2022\/05\/FT7a74TWQAAw_sB.jpg\" alt=\"\" data-id=\"7429\" data-full-url=\"https:\/\/www.tce.gob.ec\/wp-content\/uploads\/2022\/05\/FT7a74TWQAAw_sB.jpg\" data-link=\"https:\/\/www.tce.gob.ec\/?attachment_id=7429\" class=\"wp-image-7429\" srcset=\"https:\/\/www.tce.gob.ec\/wp-content\/uploads\/2022\/05\/FT7a74TWQAAw_sB.jpg 1024w, https:\/\/www.tce.gob.ec\/wp-content\/uploads\/2022\/05\/FT7a74TWQAAw_sB-719x404.jpg 719w, https:\/\/www.tce.gob.ec\/wp-content\/uploads\/2022\/05\/FT7a74TWQAAw_sB-800x450.jpg 800w, https:\/\/www.tce.gob.ec\/wp-content\/uploads\/2022\/05\/FT7a74TWQAAw_sB-768x432.jpg 768w\" sizes=\"auto, (max-width: 1024px) 100vw, 1024px\" \/><\/figure><\/li><\/ul><\/figure>\n\n\n\n<p>La Misi\u00f3n de Observaci\u00f3n Electoral verific\u00f3 el cierre del proceso de sufragio y se realiz\u00f3 una reuni\u00f3n para evaluar los par\u00e1metros y observaci\u00f3n t\u00e9cnica del proceso eleccionario y verificaci\u00f3n imparcial de las elecciones presidenciales en Colombia.<\/p>\n\n\n\n<figure class=\"wp-block-gallery columns-1 is-cropped wp-block-gallery-6 is-layout-flex wp-block-gallery-is-layout-flex\"><ul class=\"blocks-gallery-grid\"><li class=\"blocks-gallery-item\"><figure><img loading=\"lazy\" decoding=\"async\" width=\"760\" height=\"335\" src=\"https:\/\/www.tce.gob.ec\/wp-content\/uploads\/2022\/05\/116-1.jpg\" alt=\"\" data-id=\"7433\" data-full-url=\"https:\/\/www.tce.gob.ec\/wp-content\/uploads\/2022\/05\/116-1.jpg\" data-link=\"https:\/\/www.tce.gob.ec\/?attachment_id=7433\" class=\"wp-image-7433\" srcset=\"https:\/\/www.tce.gob.ec\/wp-content\/uploads\/2022\/05\/116-1.jpg 760w, https:\/\/www.tce.gob.ec\/wp-content\/uploads\/2022\/05\/116-1-719x317.jpg 719w\" sizes=\"auto, (max-width: 760px) 100vw, 760px\" \/><\/figure><\/li><\/ul><\/figure>\n<div class=\"pdfprnt-buttons pdfprnt-buttons-post pdfprnt-bottom-right\"><a href=\"https:\/\/www.tce.gob.ec\/index.php\/wp-json\/wp\/v2\/posts\/7424?print=print\" class=\"pdfprnt-button pdfprnt-button-print\" target=\"_blank\"><span class=\"pdfprnt-button-title pdfprnt-button-print-title\">Imprimir<\/span><\/a><\/div>","protected":false},"excerpt":{"rendered":"<div class=\"entry-summary\">\nEl Dr. Arturo Cabrera particip\u00f3 como Jefe de Misi\u00f3n de Observaci\u00f3n (MOE) de UNIORE en las elecciones presidenciales&hellip;\n<\/div>\n<div class=\"link-more\"><a href=\"https:\/\/www.tce.gob.ec\/index.php\/2022\/05\/30\/arturo-cabrera-jefe-de-mision-de-observacion-de-uniore-para-las-elecciones-presidenciales-de-colombia\/\" class=\"more-link\">Continuar leyendo<span class=\"screen-reader-text\"> &ldquo;Arturo Cabrera Jefe de Misi\u00f3n de Observaci\u00f3n de UNIORE para las elecciones presidenciales de Colombia&rdquo;<\/span>&hellip;<\/a><\/div>\n","protected":false},"author":11,"featured_media":7425,"comment_status":"closed","ping_status":"closed","sticky":false,"template":"","format":"standard","meta":{"_monsterinsights_skip_tracking":false,"_monsterinsights_sitenote_active":false,"_monsterinsights_sitenote_note":"","_monsterinsights_sitenote_category":0,"footnotes":""},"categories":[30],"tags":[],"table_tags":[],"class_list":["post-7424","post","type-post","status-publish","format-standard","has-post-thumbnail","hentry","category-noticias","entry"],"amp_enabled":true,"_links":{"self":[{"href":"https:\/\/www.tce.gob.ec\/index.php\/wp-json\/wp\/v2\/posts\/7424","targetHints":{"allow":["GET"]}}],"collection":[{"href":"https:\/\/www.tce.gob.ec\/index.php\/wp-json\/wp\/v2\/posts"}],"about":[{"href":"https:\/\/www.tce.gob.ec\/index.php\/wp-json\/wp\/v2\/types\/post"}],"author":[{"embeddable":true,"href":"https:\/\/www.tce.gob.ec\/index.php\/wp-json\/wp\/v2\/users\/11"}],"replies":[{"embeddable":true,"href":"https:\/\/www.tce.gob.ec\/index.php\/wp-json\/wp\/v2\/comments?post=7424"}],"version-history":[{"count":5,"href":"https:\/\/www.tce.gob.ec\/index.php\/wp-json\/wp\/v2\/posts\/7424\/revisions"}],"predecessor-version":[{"id":7441,"href":"https:\/\/www.tce.gob.ec\/index.php\/wp-json\/wp\/v2\/posts\/7424\/revisions\/7441"}],"wp:featuredmedia":[{"embeddable":true,"href":"https:\/\/www.tce.gob.ec\/index.php\/wp-json\/wp\/v2\/media\/7425"}],"wp:attachment":[{"href":"https:\/\/www.tce.gob.ec\/index.php\/wp-json\/wp\/v2\/media?parent=7424"}],"wp:term":[{"taxonomy":"category","embeddable":true,"href":"https:\/\/www.tce.gob.ec\/index.php\/wp-json\/wp\/v2\/categories?post=7424"},{"taxonomy":"post_tag","embeddable":true,"href":"https:\/\/www.tce.gob.ec\/index.php\/wp-json\/wp\/v2\/tags?post=7424"},{"taxonomy":"table_tags","embeddable":true,"href":"https:\/\/www.tce.gob.ec\/index.php\/wp-json\/wp\/v2\/table_tags?post=7424"}],"curies":[{"name":"wp","href":"https:\/\/api.w.org\/{rel}","templated":true}]}}