{"id":7808,"date":"2022-07-19T15:08:34","date_gmt":"2022-07-19T20:08:34","guid":{"rendered":"https:\/\/www.tce.gob.ec\/?p=7808"},"modified":"2022-07-19T15:08:40","modified_gmt":"2022-07-19T20:08:40","slug":"autoridades-del-tce-participaron-en-el-evento-sin-ti-no-hay-democracia","status":"publish","type":"post","link":"https:\/\/www.tce.gob.ec\/index.php\/2022\/07\/19\/autoridades-del-tce-participaron-en-el-evento-sin-ti-no-hay-democracia\/","title":{"rendered":"Autoridades del TCE participaron en el evento \u201cSin ti no hay democracia\u201d"},"content":{"rendered":"\n<p>El Dr. Fernando Mu\u00f1oz, presidente del Tribunal Contencioso Electoral y la jueza y jueces principales, participaron en el evento de cierre de la cruzada institucional y ciudadana: \u201c<a href=\"https:\/\/www.facebook.com\/hashtag\/sintinohaydemocracia?__eep__=6&amp;__cft__%5b0%5d=AZUMSVSsPTc_t_2UsGAVK1X4uvFaLf3VQXMyg6g1WYhysA7r7u_F7Q737aOoi2tRTLOX3b9C3j6hzxiqOrrRxlPkCob95XpiZi5n6zMyWR6c7328VgYkIy4qC0l3IoQrqFDJWaORZJjhcpOBXKV0VFWh&amp;__tn__=*NK-R\">Sin ti no hay democracia<\/a>\u201d, una iniciativa nacional para promover la participaci\u00f3n equitativa de mujeres y j\u00f3venes en las Elecciones previstas para 2023.<\/p>\n\n\n\n<figure class=\"wp-block-gallery columns-1 is-cropped wp-block-gallery-1 is-layout-flex wp-block-gallery-is-layout-flex\"><ul class=\"blocks-gallery-grid\"><li class=\"blocks-gallery-item\"><figure><img loading=\"lazy\" decoding=\"async\" width=\"1160\" height=\"773\" src=\"https:\/\/www.tce.gob.ec\/wp-content\/uploads\/2022\/07\/123-1160x773.jpg\" alt=\"\" data-id=\"7811\" data-full-url=\"https:\/\/www.tce.gob.ec\/wp-content\/uploads\/2022\/07\/123.jpg\" data-link=\"https:\/\/www.tce.gob.ec\/?attachment_id=7811\" class=\"wp-image-7811\" srcset=\"https:\/\/www.tce.gob.ec\/wp-content\/uploads\/2022\/07\/123-1160x773.jpg 1160w, https:\/\/www.tce.gob.ec\/wp-content\/uploads\/2022\/07\/123-719x479.jpg 719w, https:\/\/www.tce.gob.ec\/wp-content\/uploads\/2022\/07\/123-768x512.jpg 768w, https:\/\/www.tce.gob.ec\/wp-content\/uploads\/2022\/07\/123-1536x1023.jpg 1536w, https:\/\/www.tce.gob.ec\/wp-content\/uploads\/2022\/07\/123.jpg 1600w\" sizes=\"auto, (max-width: 1160px) 100vw, 1160px\" \/><\/figure><\/li><\/ul><\/figure>\n\n\n\n<p>En su intervenci\u00f3n el presidente del TCE, hizo referencia a Olympia de Gouges primera luchadora de g\u00e9nero, quien redact\u00f3 la declaraci\u00f3n de los derechos de la mujer y la ciudadana en 1791; adem\u00e1s, mencion\u00f3 a Matilde Hidalgo de Procel, quien marc\u00f3 un hito al solicitar ser inscrita en el registro electoral y ejercer el derecho al voto. Para el presidente del Tribunal Contencioso Electoral este hecho signific\u00f3 un hito hist\u00f3rico, no solo en el \u00e1mbito electoral ecuatoriano, sino tambi\u00e9n de la regi\u00f3n. Por ello, enfatiz\u00f3 que los derechos pol\u00edticos de la mujer han tenido un itinerario largo y ha debido interpelar barreras sociales, culturales y pol\u00edticas.<\/p>\n\n\n\n<figure class=\"wp-block-gallery columns-1 is-cropped wp-block-gallery-2 is-layout-flex wp-block-gallery-is-layout-flex\"><ul class=\"blocks-gallery-grid\"><li class=\"blocks-gallery-item\"><figure><img loading=\"lazy\" decoding=\"async\" width=\"1024\" height=\"683\" src=\"https:\/\/www.tce.gob.ec\/wp-content\/uploads\/2022\/07\/010.jpg\" alt=\"\" data-id=\"7816\" data-full-url=\"https:\/\/www.tce.gob.ec\/wp-content\/uploads\/2022\/07\/010.jpg\" data-link=\"https:\/\/www.tce.gob.ec\/?attachment_id=7816\" class=\"wp-image-7816\" srcset=\"https:\/\/www.tce.gob.ec\/wp-content\/uploads\/2022\/07\/010.jpg 1024w, https:\/\/www.tce.gob.ec\/wp-content\/uploads\/2022\/07\/010-719x480.jpg 719w, https:\/\/www.tce.gob.ec\/wp-content\/uploads\/2022\/07\/010-768x512.jpg 768w\" sizes=\"auto, (max-width: 1024px) 100vw, 1024px\" \/><\/figure><\/li><\/ul><\/figure>\n\n\n\n<p><\/p>\n\n\n\n<p>Finalmente, los representantes de las organizaciones pol\u00edticas y autoridades suscribieron el <em>Acuerdo Nacional por una \u201cDemocracia Sin Violencia<\/em>,\u201d documento que busca promover la paridad e igualdad de derechos de participaci\u00f3n pol\u00edtica para mujeres y j\u00f3venes en el ambito electoral. Con esta iniciativa se pretende lograr equidad y la erradicaci\u00f3n de la violencia pol\u00edtica de g\u00e9nero, a trav\u00e9s de un camino que garantice la inclusi\u00f3n de las mujeres y j\u00f3venes.<\/p>\n\n\n\n<figure class=\"wp-block-gallery columns-1 is-cropped wp-block-gallery-3 is-layout-flex wp-block-gallery-is-layout-flex\"><ul class=\"blocks-gallery-grid\"><li class=\"blocks-gallery-item\"><figure><img loading=\"lazy\" decoding=\"async\" width=\"1160\" height=\"773\" src=\"https:\/\/www.tce.gob.ec\/wp-content\/uploads\/2022\/07\/grupal-1-1160x773.jpg\" alt=\"\" data-id=\"7813\" data-full-url=\"https:\/\/www.tce.gob.ec\/wp-content\/uploads\/2022\/07\/grupal-1.jpg\" data-link=\"https:\/\/www.tce.gob.ec\/?attachment_id=7813\" class=\"wp-image-7813\" srcset=\"https:\/\/www.tce.gob.ec\/wp-content\/uploads\/2022\/07\/grupal-1-1160x773.jpg 1160w, https:\/\/www.tce.gob.ec\/wp-content\/uploads\/2022\/07\/grupal-1-719x479.jpg 719w, https:\/\/www.tce.gob.ec\/wp-content\/uploads\/2022\/07\/grupal-1-768x512.jpg 768w, https:\/\/www.tce.gob.ec\/wp-content\/uploads\/2022\/07\/grupal-1.jpg 1280w\" sizes=\"auto, (max-width: 1160px) 100vw, 1160px\" \/><\/figure><\/li><\/ul><\/figure>\n<div class=\"pdfprnt-buttons pdfprnt-buttons-post pdfprnt-bottom-right\"><a href=\"https:\/\/www.tce.gob.ec\/index.php\/wp-json\/wp\/v2\/posts\/7808?print=print\" class=\"pdfprnt-button pdfprnt-button-print\" target=\"_blank\"><span class=\"pdfprnt-button-title pdfprnt-button-print-title\">Imprimir<\/span><\/a><\/div>","protected":false},"excerpt":{"rendered":"<div class=\"entry-summary\">\nEl Dr. Fernando Mu\u00f1oz, presidente del Tribunal Contencioso Electoral y la jueza y jueces principales, participaron en el&hellip;\n<\/div>\n<div class=\"link-more\"><a href=\"https:\/\/www.tce.gob.ec\/index.php\/2022\/07\/19\/autoridades-del-tce-participaron-en-el-evento-sin-ti-no-hay-democracia\/\" class=\"more-link\">Continuar leyendo<span class=\"screen-reader-text\"> &ldquo;Autoridades del TCE participaron en el evento \u201cSin ti no hay democracia\u201d&rdquo;<\/span>&hellip;<\/a><\/div>\n","protected":false},"author":11,"featured_media":7815,"comment_status":"closed","ping_status":"closed","sticky":false,"template":"","format":"standard","meta":{"_monsterinsights_skip_tracking":false,"_monsterinsights_sitenote_active":false,"_monsterinsights_sitenote_note":"","_monsterinsights_sitenote_category":0,"footnotes":""},"categories":[30],"tags":[],"table_tags":[],"class_list":["post-7808","post","type-post","status-publish","format-standard","has-post-thumbnail","hentry","category-noticias","entry"],"amp_enabled":true,"_links":{"self":[{"href":"https:\/\/www.tce.gob.ec\/index.php\/wp-json\/wp\/v2\/posts\/7808","targetHints":{"allow":["GET"]}}],"collection":[{"href":"https:\/\/www.tce.gob.ec\/index.php\/wp-json\/wp\/v2\/posts"}],"about":[{"href":"https:\/\/www.tce.gob.ec\/index.php\/wp-json\/wp\/v2\/types\/post"}],"author":[{"embeddable":true,"href":"https:\/\/www.tce.gob.ec\/index.php\/wp-json\/wp\/v2\/users\/11"}],"replies":[{"embeddable":true,"href":"https:\/\/www.tce.gob.ec\/index.php\/wp-json\/wp\/v2\/comments?post=7808"}],"version-history":[{"count":3,"href":"https:\/\/www.tce.gob.ec\/index.php\/wp-json\/wp\/v2\/posts\/7808\/revisions"}],"predecessor-version":[{"id":7818,"href":"https:\/\/www.tce.gob.ec\/index.php\/wp-json\/wp\/v2\/posts\/7808\/revisions\/7818"}],"wp:featuredmedia":[{"embeddable":true,"href":"https:\/\/www.tce.gob.ec\/index.php\/wp-json\/wp\/v2\/media\/7815"}],"wp:attachment":[{"href":"https:\/\/www.tce.gob.ec\/index.php\/wp-json\/wp\/v2\/media?parent=7808"}],"wp:term":[{"taxonomy":"category","embeddable":true,"href":"https:\/\/www.tce.gob.ec\/index.php\/wp-json\/wp\/v2\/categories?post=7808"},{"taxonomy":"post_tag","embeddable":true,"href":"https:\/\/www.tce.gob.ec\/index.php\/wp-json\/wp\/v2\/tags?post=7808"},{"taxonomy":"table_tags","embeddable":true,"href":"https:\/\/www.tce.gob.ec\/index.php\/wp-json\/wp\/v2\/table_tags?post=7808"}],"curies":[{"name":"wp","href":"https:\/\/api.w.org\/{rel}","templated":true}]}}