{"id":7839,"date":"2022-08-03T10:54:12","date_gmt":"2022-08-03T15:54:12","guid":{"rendered":"https:\/\/www.tce.gob.ec\/?p=7839"},"modified":"2022-08-10T14:43:21","modified_gmt":"2022-08-10T19:43:21","slug":"visita-oficial-de-la-veeduria-internacional-de-la-asociacion-de-magistradas-electorales-de-las-americas-amea-al-tribunal-contencioso-electoral","status":"publish","type":"post","link":"https:\/\/www.tce.gob.ec\/index.php\/2022\/08\/03\/visita-oficial-de-la-veeduria-internacional-de-la-asociacion-de-magistradas-electorales-de-las-americas-amea-al-tribunal-contencioso-electoral\/","title":{"rendered":"Visita oficial de la veedur\u00eda internacional de la Asociaci\u00f3n de  Magistradas Electorales de las Am\u00e9ricas (AMEA) al Tribunal Contencioso Electoral"},"content":{"rendered":"\n<p>Este martes 2 de agosto, el Pleno del Tribunal Contencioso Electoral, recibi\u00f3 la visita oficial de la veedur\u00eda internacional la Asociaci\u00f3n de\u00a0 Magistradas Electorales de las Am\u00e9ricas (AMEA) conformado por la Dra. Liza Garc\u00eda V\u00e9lez, Dra. Katia Uriona Gamarra y Dra. Andrea Tercero. La visita ten\u00eda como objetivo \u00a0revisar las fases del proceso de recepci\u00f3n de postulaciones, verificaci\u00f3n de requisitos e impugnaci\u00f3n de candidatos y candidatas a consejeros y consejeras que integrar\u00e1n el Consejo de Participaci\u00f3n Ciudadana y Control Social 2023.<\/p>\n\n\n\n<figure class=\"wp-block-image size-full is-resized\"><img loading=\"lazy\" decoding=\"async\" src=\"https:\/\/www.tce.gob.ec\/wp-content\/uploads\/2022\/08\/amea1-1.jpg\" alt=\"\" class=\"wp-image-7841\" width=\"840\" height=\"359\" srcset=\"https:\/\/www.tce.gob.ec\/wp-content\/uploads\/2022\/08\/amea1-1.jpg 1024w, https:\/\/www.tce.gob.ec\/wp-content\/uploads\/2022\/08\/amea1-1-719x308.jpg 719w, https:\/\/www.tce.gob.ec\/wp-content\/uploads\/2022\/08\/amea1-1-768x329.jpg 768w\" sizes=\"auto, (max-width: 840px) 100vw, 840px\" \/><\/figure>\n\n\n\n<p>En este marco, las magistradas del AMEA expresaron su inter\u00e9s en conocer las caracter\u00edsticas del proceso de selecci\u00f3n y el rol &nbsp;del Tribunal Contencioso Electoral en la postulaci\u00f3n de candidatos y candidatas para el Consejo de Participaci\u00f3n Ciudadana y Control Social. Adem\u00e1s, manifestaron que previamente se reunieron con distintos actores para conocer los retos y recomendaciones que demanda este proceso.<\/p>\n\n\n\n<figure class=\"wp-block-image size-large\"><img loading=\"lazy\" decoding=\"async\" width=\"1160\" height=\"768\" src=\"https:\/\/www.tce.gob.ec\/wp-content\/uploads\/2022\/08\/amea2-1160x768.jpg\" alt=\"\" class=\"wp-image-7842\" srcset=\"https:\/\/www.tce.gob.ec\/wp-content\/uploads\/2022\/08\/amea2-1160x768.jpg 1160w, https:\/\/www.tce.gob.ec\/wp-content\/uploads\/2022\/08\/amea2-719x476.jpg 719w, https:\/\/www.tce.gob.ec\/wp-content\/uploads\/2022\/08\/amea2-768x508.jpg 768w, https:\/\/www.tce.gob.ec\/wp-content\/uploads\/2022\/08\/amea2.jpg 1280w\" sizes=\"auto, (max-width: 1160px) 100vw, 1160px\" \/><\/figure>\n\n\n\n<p>En sus intervenciones las autoridades del Tribunal Contencioso Electoral expresaron, &nbsp;que la conformaci\u00f3n del Consejo de Participaci\u00f3n Ciudadana y Control Social debe estar integrada por 3 hombres, 3 mujeres y 1 representante de los pueblos y nacionalidades ind\u00edgenas, mismos que se eligen de manera individual y no en plancha. &nbsp;Adem\u00e1s que, las postulaciones de candidatos y candidatas no pueden ser auspiciadas por un partido pol\u00edtico y tampoco pueden realizar campa\u00f1a. Finalmente, el Dr. Fernando Mu\u00f1oz, presidente de la Instituci\u00f3n manifest\u00f3 que los y las postulantes que sientan sus derechos afectados en este proceso pueden interponer los recursos estipulados en el C\u00f3digo de la Democracia.<\/p>\n\n\n\n<figure class=\"wp-block-image size-large\"><img loading=\"lazy\" decoding=\"async\" width=\"1160\" height=\"870\" src=\"https:\/\/www.tce.gob.ec\/wp-content\/uploads\/2022\/08\/amea3-1160x870.jpg\" alt=\"\" class=\"wp-image-7843\" srcset=\"https:\/\/www.tce.gob.ec\/wp-content\/uploads\/2022\/08\/amea3-1160x870.jpg 1160w, https:\/\/www.tce.gob.ec\/wp-content\/uploads\/2022\/08\/amea3-719x539.jpg 719w, https:\/\/www.tce.gob.ec\/wp-content\/uploads\/2022\/08\/amea3-768x576.jpg 768w, https:\/\/www.tce.gob.ec\/wp-content\/uploads\/2022\/08\/amea3-1536x1152.jpg 1536w, https:\/\/www.tce.gob.ec\/wp-content\/uploads\/2022\/08\/amea3.jpg 1600w\" sizes=\"auto, (max-width: 1160px) 100vw, 1160px\" \/><\/figure>\n<div class=\"pdfprnt-buttons pdfprnt-buttons-post pdfprnt-bottom-right\"><a href=\"https:\/\/www.tce.gob.ec\/index.php\/wp-json\/wp\/v2\/posts\/7839?print=print\" class=\"pdfprnt-button pdfprnt-button-print\" target=\"_blank\"><span class=\"pdfprnt-button-title pdfprnt-button-print-title\">Imprimir<\/span><\/a><\/div>","protected":false},"excerpt":{"rendered":"<div class=\"entry-summary\">\nEste martes 2 de agosto, el Pleno del Tribunal Contencioso Electoral, recibi\u00f3 la visita oficial de la veedur\u00eda&hellip;\n<\/div>\n<div class=\"link-more\"><a href=\"https:\/\/www.tce.gob.ec\/index.php\/2022\/08\/03\/visita-oficial-de-la-veeduria-internacional-de-la-asociacion-de-magistradas-electorales-de-las-americas-amea-al-tribunal-contencioso-electoral\/\" class=\"more-link\">Continuar leyendo<span class=\"screen-reader-text\"> &ldquo;Visita oficial de la veedur\u00eda internacional de la Asociaci\u00f3n de  Magistradas Electorales de las Am\u00e9ricas (AMEA) al Tribunal Contencioso Electoral&rdquo;<\/span>&hellip;<\/a><\/div>\n","protected":false},"author":10,"featured_media":7840,"comment_status":"closed","ping_status":"closed","sticky":false,"template":"","format":"standard","meta":{"_monsterinsights_skip_tracking":false,"_monsterinsights_sitenote_active":false,"_monsterinsights_sitenote_note":"","_monsterinsights_sitenote_category":0,"footnotes":""},"categories":[30],"tags":[],"table_tags":[],"class_list":["post-7839","post","type-post","status-publish","format-standard","has-post-thumbnail","hentry","category-noticias","entry"],"amp_enabled":true,"_links":{"self":[{"href":"https:\/\/www.tce.gob.ec\/index.php\/wp-json\/wp\/v2\/posts\/7839","targetHints":{"allow":["GET"]}}],"collection":[{"href":"https:\/\/www.tce.gob.ec\/index.php\/wp-json\/wp\/v2\/posts"}],"about":[{"href":"https:\/\/www.tce.gob.ec\/index.php\/wp-json\/wp\/v2\/types\/post"}],"author":[{"embeddable":true,"href":"https:\/\/www.tce.gob.ec\/index.php\/wp-json\/wp\/v2\/users\/10"}],"replies":[{"embeddable":true,"href":"https:\/\/www.tce.gob.ec\/index.php\/wp-json\/wp\/v2\/comments?post=7839"}],"version-history":[{"count":3,"href":"https:\/\/www.tce.gob.ec\/index.php\/wp-json\/wp\/v2\/posts\/7839\/revisions"}],"predecessor-version":[{"id":7870,"href":"https:\/\/www.tce.gob.ec\/index.php\/wp-json\/wp\/v2\/posts\/7839\/revisions\/7870"}],"wp:featuredmedia":[{"embeddable":true,"href":"https:\/\/www.tce.gob.ec\/index.php\/wp-json\/wp\/v2\/media\/7840"}],"wp:attachment":[{"href":"https:\/\/www.tce.gob.ec\/index.php\/wp-json\/wp\/v2\/media?parent=7839"}],"wp:term":[{"taxonomy":"category","embeddable":true,"href":"https:\/\/www.tce.gob.ec\/index.php\/wp-json\/wp\/v2\/categories?post=7839"},{"taxonomy":"post_tag","embeddable":true,"href":"https:\/\/www.tce.gob.ec\/index.php\/wp-json\/wp\/v2\/tags?post=7839"},{"taxonomy":"table_tags","embeddable":true,"href":"https:\/\/www.tce.gob.ec\/index.php\/wp-json\/wp\/v2\/table_tags?post=7839"}],"curies":[{"name":"wp","href":"https:\/\/api.w.org\/{rel}","templated":true}]}}