{"id":8204,"date":"2022-09-26T17:03:00","date_gmt":"2022-09-26T22:03:00","guid":{"rendered":"https:\/\/www.tce.gob.ec\/?p=8204"},"modified":"2022-09-27T15:17:18","modified_gmt":"2022-09-27T20:17:18","slug":"tce-conmemoro-el-dia-de-la-justicia-electoral","status":"publish","type":"post","link":"https:\/\/www.tce.gob.ec\/index.php\/2022\/09\/26\/tce-conmemoro-el-dia-de-la-justicia-electoral\/","title":{"rendered":"<strong>TCE conmemor\u00f3 el D\u00eda de la Justicia Electoral<\/strong>"},"content":{"rendered":"\n<p>Por el D\u00eda de la <a href=\"https:\/\/twitter.com\/hashtag\/JusticiaElectoral?src=hashtag_click\" target=\"_blank\" rel=\"noreferrer noopener\">#JusticiaElectoral<\/a> el <a href=\"https:\/\/twitter.com\/TCE_Ecuador\" target=\"_blank\" rel=\"noreferrer noopener\">Tribunal Contencioso Electoral<\/a> (TCE) desarroll\u00f3 el Foro Justicia Electoral y Democracia, en el acto protocolar participaron el Dr. Fernando Mu\u00f1oz, presidente de la Instituci\u00f3n y el Mgs. Jos\u00e9 Cabrera, Consejero del Consejo Nacional Electoral, los acompa\u00f1aron la Dra. Patricia Guaicha vicepresidenta, los jueces Dr. \u00c1ngel Torres, Dr. Joaqu\u00edn Viteri, Dr. Arturo Cabrera y conjueces.<\/p>\n\n\n\n<p>El evento se realiz\u00f3 presencialmente en el sal\u00f3n Imperial y de manera telem\u00e1tica, as\u00ed acudieron autoridades locales, magistrados y expertos electorales de M\u00e9xico, Colombia y Per\u00fa. A estos invitados se sumaron l\u00edderes sociales, docentes, estudiantes universitarios y servidores electorales.<\/p>\n\n\n\n<figure class=\"wp-block-gallery columns-1 is-cropped wp-block-gallery-1 is-layout-flex wp-block-gallery-is-layout-flex\"><ul class=\"blocks-gallery-grid\"><li class=\"blocks-gallery-item\"><figure><img loading=\"lazy\" decoding=\"async\" width=\"1160\" height=\"773\" src=\"https:\/\/www.tce.gob.ec\/wp-content\/uploads\/2022\/09\/5-1160x773.jpg\" alt=\"\" data-id=\"8210\" data-full-url=\"https:\/\/www.tce.gob.ec\/wp-content\/uploads\/2022\/09\/5.jpg\" data-link=\"https:\/\/www.tce.gob.ec\/?attachment_id=8210\" class=\"wp-image-8210\" srcset=\"https:\/\/www.tce.gob.ec\/wp-content\/uploads\/2022\/09\/5-1160x773.jpg 1160w, https:\/\/www.tce.gob.ec\/wp-content\/uploads\/2022\/09\/5-719x479.jpg 719w, https:\/\/www.tce.gob.ec\/wp-content\/uploads\/2022\/09\/5-768x512.jpg 768w, https:\/\/www.tce.gob.ec\/wp-content\/uploads\/2022\/09\/5-1536x1023.jpg 1536w, https:\/\/www.tce.gob.ec\/wp-content\/uploads\/2022\/09\/5.jpg 1600w\" sizes=\"auto, (max-width: 1160px) 100vw, 1160px\" \/><\/figure><\/li><\/ul><\/figure>\n\n\n\n<p>En la apertura e inauguraci\u00f3n del evento particip\u00f3 el Dr. Fernando Mu\u00f1oz, en su discurso recalc\u00f3 el compromiso y la labor del TCE para impartir justicia electoral, actividad que se realiza respetando los derechos pol\u00edticos de los ciudadanos en estricto apego a la Ley y al debido proceso. Adem\u00e1s, enfatiz\u00f3 que la justicia electoral garantiza las elecciones mediante la transparencia del manejo econ\u00f3mico que realizan los movimientos y actores pol\u00edticos, de ah\u00ed que al no cumplir con sus responsabilidades son sancionados de acuerdo al C\u00f3digo de la Democracia. \u00a0De otro lado, mencion\u00f3 el rol que tiene la instituci\u00f3n en conocer y sancionar la Violencia Pol\u00edtica de G\u00e9nero, hecho que permite una participaci\u00f3n igualitaria entre hombres y mujeres. \u00a0<\/p>\n\n\n\n<p>Posteriormente, el evento se desarroll\u00f3 con las ponencias del Dr. Richard Ortiz, Dr. \u00c1ngel Torres, Dr. Alfredo P\u00e9rez y Dra. Patricia Guaicha, quienes desde distintas perspectivas abordaron la importancia, rol, fortalecimiento y retos de la Justicia Electoral. En este marco, la vicepresidenta del TCE, Dra. Patricia Guaicha manifest\u00f3 la lucha social y pol\u00edtica que las mujeres han ejercido hist\u00f3ricamente por practicar sus derechos de forma igualitaria. Recalco, adem\u00e1s, la importancia de las Reformas al C\u00f3digo de la Democracia realizadas en el 20020, puesto que permite sancionar la Violencia Pol\u00edtica de G\u00e9nero.<\/p>\n\n\n\n<figure class=\"wp-block-gallery columns-1 is-cropped wp-block-gallery-2 is-layout-flex wp-block-gallery-is-layout-flex\"><ul class=\"blocks-gallery-grid\"><li class=\"blocks-gallery-item\"><figure><img loading=\"lazy\" decoding=\"async\" width=\"1160\" height=\"662\" src=\"https:\/\/www.tce.gob.ec\/wp-content\/uploads\/2022\/09\/WhatsApp-Image-2022-09-27-at-12.36.21-PM-1160x662.jpeg\" alt=\"\" data-id=\"8211\" data-full-url=\"https:\/\/www.tce.gob.ec\/wp-content\/uploads\/2022\/09\/WhatsApp-Image-2022-09-27-at-12.36.21-PM.jpeg\" data-link=\"https:\/\/www.tce.gob.ec\/?attachment_id=8211\" class=\"wp-image-8211\" srcset=\"https:\/\/www.tce.gob.ec\/wp-content\/uploads\/2022\/09\/WhatsApp-Image-2022-09-27-at-12.36.21-PM-1160x662.jpeg 1160w, https:\/\/www.tce.gob.ec\/wp-content\/uploads\/2022\/09\/WhatsApp-Image-2022-09-27-at-12.36.21-PM-719x410.jpeg 719w, https:\/\/www.tce.gob.ec\/wp-content\/uploads\/2022\/09\/WhatsApp-Image-2022-09-27-at-12.36.21-PM-768x438.jpeg 768w, https:\/\/www.tce.gob.ec\/wp-content\/uploads\/2022\/09\/WhatsApp-Image-2022-09-27-at-12.36.21-PM.jpeg 1280w\" sizes=\"auto, (max-width: 1160px) 100vw, 1160px\" \/><\/figure><\/li><\/ul><\/figure>\n\n\n\n<p>En un segundo momento, el Dr. Joaqu\u00edn Viteri realiz\u00f3 la presentaci\u00f3n de la Revista \u201cJusticia y Democracia. Retos y Perspectiva de la Democracia en la Regi\u00f3n\u201d, en la que participaron articulistas como la Dra. Ruth M\u00e9ndez, presidenta de la Asociaci\u00f3n de\u00a0 Magistradas Electorales de las Am\u00e9ricas (Colombia); Dra. Janine Ot\u00e1lora Magistrada de la Sala Superior del Tribunal Electoral del Poder Judicial de la Federaci\u00f3n de M\u00e9xico; la Dra. Ang\u00e9lica Mar\u00eda Grande Investigadora de la Escuela Electoral y de Gobernabilidad del Jurado Nacional de Elecciones de Per\u00fa; y la Dra. M\u00f3nica Banegas, Directora de la Fundaci\u00f3n Haciendo Ecuador. En este marco, se invit\u00f3 a la ciudadan\u00eda a que descarguen un ejemplar de la revista, a trav\u00e9s de la p\u00e1gina institucional <a href=\"http:\/\/www.tce.gob.ec\" target=\"_blank\" rel=\"noreferrer noopener\">www.tce.gob.ec<\/a>.<\/p>\n\n\n\n<figure class=\"wp-block-gallery columns-1 is-cropped wp-block-gallery-3 is-layout-flex wp-block-gallery-is-layout-flex\"><ul class=\"blocks-gallery-grid\"><li class=\"blocks-gallery-item\"><figure><img loading=\"lazy\" decoding=\"async\" width=\"1160\" height=\"657\" src=\"https:\/\/www.tce.gob.ec\/wp-content\/uploads\/2022\/09\/WhatsApp-Image-2022-09-27-at-12.36.21-PM1-1160x657.jpeg\" alt=\"\" data-id=\"8213\" data-full-url=\"https:\/\/www.tce.gob.ec\/wp-content\/uploads\/2022\/09\/WhatsApp-Image-2022-09-27-at-12.36.21-PM1.jpeg\" data-link=\"https:\/\/www.tce.gob.ec\/?attachment_id=8213\" class=\"wp-image-8213\" srcset=\"https:\/\/www.tce.gob.ec\/wp-content\/uploads\/2022\/09\/WhatsApp-Image-2022-09-27-at-12.36.21-PM1-1160x657.jpeg 1160w, https:\/\/www.tce.gob.ec\/wp-content\/uploads\/2022\/09\/WhatsApp-Image-2022-09-27-at-12.36.21-PM1-719x407.jpeg 719w, https:\/\/www.tce.gob.ec\/wp-content\/uploads\/2022\/09\/WhatsApp-Image-2022-09-27-at-12.36.21-PM1-768x435.jpeg 768w, https:\/\/www.tce.gob.ec\/wp-content\/uploads\/2022\/09\/WhatsApp-Image-2022-09-27-at-12.36.21-PM1.jpeg 1280w\" sizes=\"auto, (max-width: 1160px) 100vw, 1160px\" \/><\/figure><\/li><\/ul><\/figure>\n\n\n\n<p>En un tercer momento, se realiz\u00f3 la presentaci\u00f3n del Proyecto Violencia Pol\u00edtica de G\u00e9nero: Una mirada desde la validez y la eficacia normativa para su erradicaci\u00f3n, en la que intervinieron: el Dr. Arturo Cabrera, quien realiz\u00f3 un an\u00e1lisis sobre las sentencias que sancionan la Violencia Pol\u00edtica de G\u00e9nero. As\u00ed, recalc\u00f3 la necesidad de romper los techos de cristal a los que se enfrentan las mujeres en la sociedad y en la participaci\u00f3n pol\u00edtica. Adem\u00e1s, enfatiz\u00f3 el rol de los movimientos pol\u00edticos en el reto de cumplir la participaci\u00f3n progresiva de las mujeres en lista, \u00a0acci\u00f3n que se debe realizar en condiciones de igualdad en relaci\u00f3n al hombre y no por el hecho de cumplir los requisitos. \u00a0Por su parte la Dra. M\u00f3nica Banegas evidenci\u00f3 datos del Observatorio sobre Violencia Pol\u00edtica en contra de la mujer. Finalmente, el D\u00eda de la Justicia Electoral termin\u00f3 con la firma del compromiso entre los representantes del TCE, Dr. Fernando Mu\u00f1oz y de la Fundaci\u00f3n Haciendo Ecuador, Dra. M\u00f3nica Banegas, quienes a partir del Proyecto Violencia Pol\u00edtica de G\u00e9nero: \u201cUna mirada desde la validez y la eficacia normativa para su erradicaci\u00f3n\u201d, buscan eliminar la violencia hacia la mujer en el campo pol\u00edtico.<\/p>\n\n\n\n<figure class=\"wp-block-gallery columns-1 is-cropped wp-block-gallery-4 is-layout-flex wp-block-gallery-is-layout-flex\"><ul class=\"blocks-gallery-grid\"><li class=\"blocks-gallery-item\"><figure><img loading=\"lazy\" decoding=\"async\" width=\"1160\" height=\"668\" src=\"https:\/\/www.tce.gob.ec\/wp-content\/uploads\/2022\/09\/t-1160x668.jpg\" alt=\"\" data-id=\"8221\" data-full-url=\"https:\/\/www.tce.gob.ec\/wp-content\/uploads\/2022\/09\/t.jpg\" data-link=\"https:\/\/www.tce.gob.ec\/?attachment_id=8221\" class=\"wp-image-8221\" srcset=\"https:\/\/www.tce.gob.ec\/wp-content\/uploads\/2022\/09\/t-1160x668.jpg 1160w, https:\/\/www.tce.gob.ec\/wp-content\/uploads\/2022\/09\/t-719x414.jpg 719w, https:\/\/www.tce.gob.ec\/wp-content\/uploads\/2022\/09\/t-768x442.jpg 768w, https:\/\/www.tce.gob.ec\/wp-content\/uploads\/2022\/09\/t.jpg 1280w\" sizes=\"auto, (max-width: 1160px) 100vw, 1160px\" \/><\/figure><\/li><\/ul><\/figure>\n<div class=\"pdfprnt-buttons pdfprnt-buttons-post pdfprnt-bottom-right\"><a href=\"https:\/\/www.tce.gob.ec\/index.php\/wp-json\/wp\/v2\/posts\/8204?print=print\" class=\"pdfprnt-button pdfprnt-button-print\" target=\"_blank\"><span class=\"pdfprnt-button-title pdfprnt-button-print-title\">Imprimir<\/span><\/a><\/div>","protected":false},"excerpt":{"rendered":"<div class=\"entry-summary\">\nPor el D\u00eda de la #JusticiaElectoral el Tribunal Contencioso Electoral (TCE) desarroll\u00f3 el Foro Justicia Electoral y Democracia,&hellip;\n<\/div>\n<div class=\"link-more\"><a href=\"https:\/\/www.tce.gob.ec\/index.php\/2022\/09\/26\/tce-conmemoro-el-dia-de-la-justicia-electoral\/\" class=\"more-link\">Continuar leyendo<span class=\"screen-reader-text\"> &ldquo;<strong>TCE conmemor\u00f3 el D\u00eda de la Justicia Electoral<\/strong>&rdquo;<\/span>&hellip;<\/a><\/div>\n","protected":false},"author":11,"featured_media":8218,"comment_status":"closed","ping_status":"closed","sticky":false,"template":"","format":"standard","meta":{"_monsterinsights_skip_tracking":false,"_monsterinsights_sitenote_active":false,"_monsterinsights_sitenote_note":"","_monsterinsights_sitenote_category":0,"footnotes":""},"categories":[30],"tags":[],"table_tags":[],"class_list":["post-8204","post","type-post","status-publish","format-standard","has-post-thumbnail","hentry","category-noticias","entry"],"amp_enabled":true,"_links":{"self":[{"href":"https:\/\/www.tce.gob.ec\/index.php\/wp-json\/wp\/v2\/posts\/8204","targetHints":{"allow":["GET"]}}],"collection":[{"href":"https:\/\/www.tce.gob.ec\/index.php\/wp-json\/wp\/v2\/posts"}],"about":[{"href":"https:\/\/www.tce.gob.ec\/index.php\/wp-json\/wp\/v2\/types\/post"}],"author":[{"embeddable":true,"href":"https:\/\/www.tce.gob.ec\/index.php\/wp-json\/wp\/v2\/users\/11"}],"replies":[{"embeddable":true,"href":"https:\/\/www.tce.gob.ec\/index.php\/wp-json\/wp\/v2\/comments?post=8204"}],"version-history":[{"count":3,"href":"https:\/\/www.tce.gob.ec\/index.php\/wp-json\/wp\/v2\/posts\/8204\/revisions"}],"predecessor-version":[{"id":8224,"href":"https:\/\/www.tce.gob.ec\/index.php\/wp-json\/wp\/v2\/posts\/8204\/revisions\/8224"}],"wp:featuredmedia":[{"embeddable":true,"href":"https:\/\/www.tce.gob.ec\/index.php\/wp-json\/wp\/v2\/media\/8218"}],"wp:attachment":[{"href":"https:\/\/www.tce.gob.ec\/index.php\/wp-json\/wp\/v2\/media?parent=8204"}],"wp:term":[{"taxonomy":"category","embeddable":true,"href":"https:\/\/www.tce.gob.ec\/index.php\/wp-json\/wp\/v2\/categories?post=8204"},{"taxonomy":"post_tag","embeddable":true,"href":"https:\/\/www.tce.gob.ec\/index.php\/wp-json\/wp\/v2\/tags?post=8204"},{"taxonomy":"table_tags","embeddable":true,"href":"https:\/\/www.tce.gob.ec\/index.php\/wp-json\/wp\/v2\/table_tags?post=8204"}],"curies":[{"name":"wp","href":"https:\/\/api.w.org\/{rel}","templated":true}]}}