{"id":8806,"date":"2023-03-20T17:36:01","date_gmt":"2023-03-20T22:36:01","guid":{"rendered":"https:\/\/www.tce.gob.ec\/?p=8806"},"modified":"2023-03-21T08:17:48","modified_gmt":"2023-03-21T13:17:48","slug":"dos-diligencias-de-apertura-de-paquetes-electorales-y-verificacion-de-votos-se-realizo-en-el-tce","status":"publish","type":"post","link":"https:\/\/www.tce.gob.ec\/index.php\/2023\/03\/20\/dos-diligencias-de-apertura-de-paquetes-electorales-y-verificacion-de-votos-se-realizo-en-el-tce\/","title":{"rendered":"DOS DILIGENCIAS DE APERTURA DE PAQUETES ELECTORALES Y VERIFICACI\u00d3N DE VOTOS SE REALIZARON EN EL TCE"},"content":{"rendered":"\n<p>Seg\u00fan el art\u00edculo 138 del C\u00f3digo de la Democracia, los sujetos pol\u00edticos pueden solicitar el reconteo de votos interponiendo una causa ante el Tribunal Contencioso Electoral, esta diligencia se realizar\u00e1 en un plazo no menor a ocho d\u00edas ni mayor a 12, desde la fecha del auto que lo dispone, sin embargo, los jueces pueden realizarlo en un tiempo menor; es as\u00ed que en cumplimiento de la Ley, en la sala de audiencias del TCE esta tarde el Dr. Fernando Mu\u00f1oz, presidente del mencionado organismo, llev\u00f3 a cabo la Apertura de Paquetes Electorales y verificaci\u00f3n de votos, de la <strong>Causa<\/strong> <strong>Nro. 060-2023-TCE<\/strong>, solicitada por el se\u00f1or Ricardo A\u00f1asco Toral, candidato a la dignidad de concejal urbano circunscripci\u00f3n 2, del cant\u00f3n Santo Domingo de los Ts\u00e1chilas.<\/p>\n\n\n\n<figure class=\"wp-block-gallery columns-1 is-cropped wp-block-gallery-1 is-layout-flex wp-block-gallery-is-layout-flex\"><ul class=\"blocks-gallery-grid\"><li class=\"blocks-gallery-item\"><figure><img loading=\"lazy\" decoding=\"async\" width=\"1160\" height=\"774\" src=\"https:\/\/www.tce.gob.ec\/wp-content\/uploads\/2023\/03\/WhatsApp-Image-2023-03-20-at-5.27.27-PM-1-1160x774.jpeg\" alt=\"\" data-id=\"8812\" data-full-url=\"https:\/\/www.tce.gob.ec\/wp-content\/uploads\/2023\/03\/WhatsApp-Image-2023-03-20-at-5.27.27-PM-1.jpeg\" data-link=\"https:\/\/www.tce.gob.ec\/?attachment_id=8812\" class=\"wp-image-8812\" srcset=\"https:\/\/www.tce.gob.ec\/wp-content\/uploads\/2023\/03\/WhatsApp-Image-2023-03-20-at-5.27.27-PM-1-1160x774.jpeg 1160w, https:\/\/www.tce.gob.ec\/wp-content\/uploads\/2023\/03\/WhatsApp-Image-2023-03-20-at-5.27.27-PM-1-719x479.jpeg 719w, https:\/\/www.tce.gob.ec\/wp-content\/uploads\/2023\/03\/WhatsApp-Image-2023-03-20-at-5.27.27-PM-1-768x512.jpeg 768w, https:\/\/www.tce.gob.ec\/wp-content\/uploads\/2023\/03\/WhatsApp-Image-2023-03-20-at-5.27.27-PM-1-1536x1024.jpeg 1536w, https:\/\/www.tce.gob.ec\/wp-content\/uploads\/2023\/03\/WhatsApp-Image-2023-03-20-at-5.27.27-PM-1.jpeg 1600w\" sizes=\"auto, (max-width: 1160px) 100vw, 1160px\" \/><\/figure><\/li><\/ul><\/figure>\n\n\n\n<p>Mientras que, en horas de la ma\u00f1ana, la Abg. Ivonne Coloma, vicepresidenta del TCE realiz\u00f3 la Diligencia de Apertura de Paquetes Electorales y Verificaci\u00f3n de Votos de la <strong>Causa Nro. 059-2023-TCE.<\/strong><\/p>\n\n\n\n<figure class=\"wp-block-gallery columns-1 is-cropped wp-block-gallery-2 is-layout-flex wp-block-gallery-is-layout-flex\"><ul class=\"blocks-gallery-grid\"><li class=\"blocks-gallery-item\"><figure><img loading=\"lazy\" decoding=\"async\" width=\"1160\" height=\"659\" src=\"https:\/\/www.tce.gob.ec\/wp-content\/uploads\/2023\/03\/Sin-titulo-1160x659.jpg\" alt=\"\" data-id=\"8813\" data-full-url=\"https:\/\/www.tce.gob.ec\/wp-content\/uploads\/2023\/03\/Sin-titulo.jpg\" data-link=\"https:\/\/www.tce.gob.ec\/?attachment_id=8813\" class=\"wp-image-8813\" srcset=\"https:\/\/www.tce.gob.ec\/wp-content\/uploads\/2023\/03\/Sin-titulo-1160x659.jpg 1160w, https:\/\/www.tce.gob.ec\/wp-content\/uploads\/2023\/03\/Sin-titulo-719x408.jpg 719w, https:\/\/www.tce.gob.ec\/wp-content\/uploads\/2023\/03\/Sin-titulo-768x436.jpg 768w, https:\/\/www.tce.gob.ec\/wp-content\/uploads\/2023\/03\/Sin-titulo-1536x873.jpg 1536w, https:\/\/www.tce.gob.ec\/wp-content\/uploads\/2023\/03\/Sin-titulo.jpg 1600w\" sizes=\"auto, (max-width: 1160px) 100vw, 1160px\" \/><\/figure><\/li><\/ul><\/figure>\n\n\n\n<p>Este recurso subjetivo contencioso electoral fue interpuesto por la se\u00f1ora Tania Patricia Barrag\u00e1n, candidata a la dignidad de concejal urbano circunscripci\u00f3n 1, del cant\u00f3n Santo Domingo de los Ts\u00e1chilas, en contra de la resoluci\u00f3n Nro. PLE-CNE-8-21-2-2023-IMPG emitida por el Plano del Consejo Nacional Electoral.<\/p>\n\n\n\n<figure class=\"wp-block-gallery columns-1 is-cropped wp-block-gallery-3 is-layout-flex wp-block-gallery-is-layout-flex\"><ul class=\"blocks-gallery-grid\"><li class=\"blocks-gallery-item\"><figure><img loading=\"lazy\" decoding=\"async\" width=\"1160\" height=\"681\" src=\"https:\/\/www.tce.gob.ec\/wp-content\/uploads\/2023\/03\/WhatsApp-Image-2023-03-20-at-10.59.30-AM-1160x681.jpeg\" alt=\"\" data-id=\"8814\" data-full-url=\"https:\/\/www.tce.gob.ec\/wp-content\/uploads\/2023\/03\/WhatsApp-Image-2023-03-20-at-10.59.30-AM.jpeg\" data-link=\"https:\/\/www.tce.gob.ec\/?attachment_id=8814\" class=\"wp-image-8814\" srcset=\"https:\/\/www.tce.gob.ec\/wp-content\/uploads\/2023\/03\/WhatsApp-Image-2023-03-20-at-10.59.30-AM-1160x681.jpeg 1160w, https:\/\/www.tce.gob.ec\/wp-content\/uploads\/2023\/03\/WhatsApp-Image-2023-03-20-at-10.59.30-AM-719x422.jpeg 719w, https:\/\/www.tce.gob.ec\/wp-content\/uploads\/2023\/03\/WhatsApp-Image-2023-03-20-at-10.59.30-AM-768x451.jpeg 768w, https:\/\/www.tce.gob.ec\/wp-content\/uploads\/2023\/03\/WhatsApp-Image-2023-03-20-at-10.59.30-AM-1536x901.jpeg 1536w, https:\/\/www.tce.gob.ec\/wp-content\/uploads\/2023\/03\/WhatsApp-Image-2023-03-20-at-10.59.30-AM.jpeg 1600w\" sizes=\"auto, (max-width: 1160px) 100vw, 1160px\" \/><\/figure><\/li><\/ul><\/figure>\n\n\n\n<p>Cabe mencionar que las respectivas diligencias se transmitieron en vivo a trav\u00e9s de YouTube; y, que, en los dos casos, las organizaciones pol\u00edticas asistieron con sus delegados quienes se acreditaron previamente para participar como observadores de las mismas, cumpliendo con el proceso, desde el traslado de los paquetes electorales, as\u00ed como el resguardo de los elementos de miembros de las Fuerzas Armadas y la participaci\u00f3n de los t\u00e9cnicos electorales que inicialmente se designan por sorteo.<\/p>\n\n\n\n<figure class=\"wp-block-gallery columns-1 is-cropped wp-block-gallery-4 is-layout-flex wp-block-gallery-is-layout-flex\"><ul class=\"blocks-gallery-grid\"><li class=\"blocks-gallery-item\"><figure><img loading=\"lazy\" decoding=\"async\" width=\"1160\" height=\"775\" src=\"https:\/\/www.tce.gob.ec\/wp-content\/uploads\/2023\/03\/WhatsApp-Image-2023-03-20-at-5.27.28-PM-1-1160x775.jpeg\" alt=\"\" data-id=\"8815\" data-full-url=\"https:\/\/www.tce.gob.ec\/wp-content\/uploads\/2023\/03\/WhatsApp-Image-2023-03-20-at-5.27.28-PM-1.jpeg\" data-link=\"https:\/\/www.tce.gob.ec\/?attachment_id=8815\" class=\"wp-image-8815\" srcset=\"https:\/\/www.tce.gob.ec\/wp-content\/uploads\/2023\/03\/WhatsApp-Image-2023-03-20-at-5.27.28-PM-1-1160x775.jpeg 1160w, https:\/\/www.tce.gob.ec\/wp-content\/uploads\/2023\/03\/WhatsApp-Image-2023-03-20-at-5.27.28-PM-1-719x480.jpeg 719w, https:\/\/www.tce.gob.ec\/wp-content\/uploads\/2023\/03\/WhatsApp-Image-2023-03-20-at-5.27.28-PM-1-768x513.jpeg 768w, https:\/\/www.tce.gob.ec\/wp-content\/uploads\/2023\/03\/WhatsApp-Image-2023-03-20-at-5.27.28-PM-1-1536x1026.jpeg 1536w, https:\/\/www.tce.gob.ec\/wp-content\/uploads\/2023\/03\/WhatsApp-Image-2023-03-20-at-5.27.28-PM-1.jpeg 1600w\" sizes=\"auto, (max-width: 1160px) 100vw, 1160px\" \/><\/figure><\/li><\/ul><\/figure>\n\n\n\n<p><\/p>\n\n\n\n<p><strong>En el TCE garantizamos democracia<\/strong><\/p>\n\n\n\n<p><strong>Unidad de Comunicaci\u00f3n<\/strong><\/p>\n<div class=\"pdfprnt-buttons pdfprnt-buttons-post pdfprnt-bottom-right\"><a href=\"https:\/\/www.tce.gob.ec\/index.php\/wp-json\/wp\/v2\/posts\/8806?print=print\" class=\"pdfprnt-button pdfprnt-button-print\" target=\"_blank\"><span class=\"pdfprnt-button-title pdfprnt-button-print-title\">Imprimir<\/span><\/a><\/div>","protected":false},"excerpt":{"rendered":"<div class=\"entry-summary\">\nSeg\u00fan el art\u00edculo 138 del C\u00f3digo de la Democracia, los sujetos pol\u00edticos pueden solicitar el reconteo de votos&hellip;\n<\/div>\n<div class=\"link-more\"><a href=\"https:\/\/www.tce.gob.ec\/index.php\/2023\/03\/20\/dos-diligencias-de-apertura-de-paquetes-electorales-y-verificacion-de-votos-se-realizo-en-el-tce\/\" class=\"more-link\">Continuar leyendo<span class=\"screen-reader-text\"> &ldquo;DOS DILIGENCIAS DE APERTURA DE PAQUETES ELECTORALES Y VERIFICACI\u00d3N DE VOTOS SE REALIZARON EN EL TCE&rdquo;<\/span>&hellip;<\/a><\/div>\n","protected":false},"author":11,"featured_media":8807,"comment_status":"closed","ping_status":"closed","sticky":false,"template":"","format":"standard","meta":{"_monsterinsights_skip_tracking":false,"_monsterinsights_sitenote_active":false,"_monsterinsights_sitenote_note":"","_monsterinsights_sitenote_category":0,"footnotes":""},"categories":[30],"tags":[],"table_tags":[],"class_list":["post-8806","post","type-post","status-publish","format-standard","has-post-thumbnail","hentry","category-noticias","entry"],"amp_enabled":true,"_links":{"self":[{"href":"https:\/\/www.tce.gob.ec\/index.php\/wp-json\/wp\/v2\/posts\/8806","targetHints":{"allow":["GET"]}}],"collection":[{"href":"https:\/\/www.tce.gob.ec\/index.php\/wp-json\/wp\/v2\/posts"}],"about":[{"href":"https:\/\/www.tce.gob.ec\/index.php\/wp-json\/wp\/v2\/types\/post"}],"author":[{"embeddable":true,"href":"https:\/\/www.tce.gob.ec\/index.php\/wp-json\/wp\/v2\/users\/11"}],"replies":[{"embeddable":true,"href":"https:\/\/www.tce.gob.ec\/index.php\/wp-json\/wp\/v2\/comments?post=8806"}],"version-history":[{"count":2,"href":"https:\/\/www.tce.gob.ec\/index.php\/wp-json\/wp\/v2\/posts\/8806\/revisions"}],"predecessor-version":[{"id":8817,"href":"https:\/\/www.tce.gob.ec\/index.php\/wp-json\/wp\/v2\/posts\/8806\/revisions\/8817"}],"wp:featuredmedia":[{"embeddable":true,"href":"https:\/\/www.tce.gob.ec\/index.php\/wp-json\/wp\/v2\/media\/8807"}],"wp:attachment":[{"href":"https:\/\/www.tce.gob.ec\/index.php\/wp-json\/wp\/v2\/media?parent=8806"}],"wp:term":[{"taxonomy":"category","embeddable":true,"href":"https:\/\/www.tce.gob.ec\/index.php\/wp-json\/wp\/v2\/categories?post=8806"},{"taxonomy":"post_tag","embeddable":true,"href":"https:\/\/www.tce.gob.ec\/index.php\/wp-json\/wp\/v2\/tags?post=8806"},{"taxonomy":"table_tags","embeddable":true,"href":"https:\/\/www.tce.gob.ec\/index.php\/wp-json\/wp\/v2\/table_tags?post=8806"}],"curies":[{"name":"wp","href":"https:\/\/api.w.org\/{rel}","templated":true}]}}