{"id":9348,"date":"2023-06-06T15:16:01","date_gmt":"2023-06-06T20:16:01","guid":{"rendered":"https:\/\/www.tce.gob.ec\/?p=9348"},"modified":"2023-06-06T15:16:07","modified_gmt":"2023-06-06T20:16:07","slug":"primer-taller-sobre-violencia-politica-de-genero-se-llevo-con-exito-en-guayaquil","status":"publish","type":"post","link":"https:\/\/www.tce.gob.ec\/index.php\/2023\/06\/06\/primer-taller-sobre-violencia-politica-de-genero-se-llevo-con-exito-en-guayaquil\/","title":{"rendered":"PRIMER TALLER SOBRE VIOLENCIA POL\u00cdTICA DE G\u00c9NERO SE LLEV\u00d3 CON \u00c9XITO EN GUAYAQUIL"},"content":{"rendered":"\n<p>Este martes 6 de junio de 2023, en el Paraninfo de la Universidad de Guayaquil, <strong>150 participantes<\/strong>, entre ellos: estudiantes, Defensores P\u00fablicos, representantes de la Defensor\u00eda del Pueblo, Colegios de Abogados, Consultorios Jur\u00eddicos de universidades y Organizaciones de la Sociedad Civil, se dieron cita en el primer taller de <strong>&#8220;Estrategias de divulgaci\u00f3n sobre normativa en torno a la violencia pol\u00edtica de g\u00e9nero&#8221;.<\/strong><\/p>\n\n\n\n<p>Este espacio de divulgaci\u00f3n acad\u00e9mica jur\u00eddica es impulsado por el Tribunal Contencioso Electoral y el Programa de las Naciones Unidas para el Desarrollo (PNUD) con el objetivo de socializar la correcta aplicaci\u00f3n de la ley electoral y el acceso a la justicia para posibles casos sobre este tipo de violencia.<\/p>\n\n\n\n<figure class=\"wp-block-image size-large\"><img loading=\"lazy\" decoding=\"async\" width=\"1160\" height=\"444\" src=\"https:\/\/www.tce.gob.ec\/wp-content\/uploads\/2023\/06\/Guayas-3-1160x444.jpeg\" alt=\"\" class=\"wp-image-9350\" srcset=\"https:\/\/www.tce.gob.ec\/wp-content\/uploads\/2023\/06\/Guayas-3-1160x444.jpeg 1160w, https:\/\/www.tce.gob.ec\/wp-content\/uploads\/2023\/06\/Guayas-3-719x275.jpeg 719w, https:\/\/www.tce.gob.ec\/wp-content\/uploads\/2023\/06\/Guayas-3-768x294.jpeg 768w, https:\/\/www.tce.gob.ec\/wp-content\/uploads\/2023\/06\/Guayas-3-1536x588.jpeg 1536w, https:\/\/www.tce.gob.ec\/wp-content\/uploads\/2023\/06\/Guayas-3.jpeg 1600w\" sizes=\"auto, (max-width: 1160px) 100vw, 1160px\" \/><\/figure>\n\n\n\n<p>En este taller estuvieron presentes el Dr. Fernando Mu\u00f1oz y la Abg. Ivonne Coloma, presidente y vicepresidenta del TCE respectivamente, quienes junto a miembros del PNUD dieron a conocer de cerca la normativa vigente sobre violencia pol\u00edtica de g\u00e9nero; adem\u00e1s, se analizaron las causas m\u00e1s relevantes resueltas en el tribunal referentes a esta problem\u00e1tica.<\/p>\n\n\n\n<p>El Dr. Mu\u00f1oz, en su intervenci\u00f3n, inaugur\u00f3 este taller y recalc\u00f3 que el derecho de las mujeres a participar en la vida pol\u00edtica, de manera colectiva o individual, fomenta los principios de igualdad, justicia y democracia. Asimismo, se\u00f1al\u00f3 que en Am\u00e9rica Latina s\u00f3lo 10 pa\u00edses regulan este tipo de violencia, de los cuales cinco cuentan con regulaci\u00f3n espec\u00edfica en el \u00e1mbito electoral, entre ellos Ecuador.<\/p>\n\n\n\n<figure class=\"wp-block-image size-large\"><img loading=\"lazy\" decoding=\"async\" width=\"1160\" height=\"713\" src=\"https:\/\/www.tce.gob.ec\/wp-content\/uploads\/2023\/06\/Guayas-2-1160x713.jpeg\" alt=\"\" class=\"wp-image-9351\" srcset=\"https:\/\/www.tce.gob.ec\/wp-content\/uploads\/2023\/06\/Guayas-2-1160x713.jpeg 1160w, https:\/\/www.tce.gob.ec\/wp-content\/uploads\/2023\/06\/Guayas-2-719x442.jpeg 719w, https:\/\/www.tce.gob.ec\/wp-content\/uploads\/2023\/06\/Guayas-2-768x472.jpeg 768w, https:\/\/www.tce.gob.ec\/wp-content\/uploads\/2023\/06\/Guayas-2-1536x945.jpeg 1536w, https:\/\/www.tce.gob.ec\/wp-content\/uploads\/2023\/06\/Guayas-2.jpeg 1600w\" sizes=\"auto, (max-width: 1160px) 100vw, 1160px\" \/><\/figure>\n\n\n\n<p>Por su parte, la Abg. Coloma, en su ponencia, habl\u00f3 sobre la conformaci\u00f3n del TCE y las funciones que cumple este \u00f3rgano; igualmente, indic\u00f3 los requisitos para presentar una denuncia y el proceso que esta debe cumplir.<\/p>\n\n\n\n<p>Es importante se\u00f1alar que estos talleres tambi\u00e9n se realizar\u00e1n en:<\/p>\n\n\n\n<ul class=\"wp-block-list\"><li><strong>Portoviejo:<\/strong> 8 de junio.<\/li><li><strong>Cuenca:<\/strong> 15 de junio.<\/li><li><strong>Macas:<\/strong> 21 de junio.<\/li><\/ul>\n\n\n\n<figure class=\"wp-block-image size-large\"><img loading=\"lazy\" decoding=\"async\" width=\"1160\" height=\"728\" src=\"https:\/\/www.tce.gob.ec\/wp-content\/uploads\/2023\/06\/Guayas-4-1160x728.jpeg\" alt=\"\" class=\"wp-image-9352\" srcset=\"https:\/\/www.tce.gob.ec\/wp-content\/uploads\/2023\/06\/Guayas-4-1160x728.jpeg 1160w, https:\/\/www.tce.gob.ec\/wp-content\/uploads\/2023\/06\/Guayas-4-719x451.jpeg 719w, https:\/\/www.tce.gob.ec\/wp-content\/uploads\/2023\/06\/Guayas-4-768x482.jpeg 768w, https:\/\/www.tce.gob.ec\/wp-content\/uploads\/2023\/06\/Guayas-4-1536x964.jpeg 1536w, https:\/\/www.tce.gob.ec\/wp-content\/uploads\/2023\/06\/Guayas-4.jpeg 1600w\" sizes=\"auto, (max-width: 1160px) 100vw, 1160px\" \/><\/figure>\n\n\n\n<p>El Tribunal Contencioso Electoral, cumpliendo con una de sus competencias institucionales exclusivas, capacita y difunde, a trav\u00e9s de estos talleres, aspectos relacionados con la normativa electoral desde una perspectiva de g\u00e9nero, impulsando recursos necesarios para garantizar la participaci\u00f3n pol\u00edtica de las mujeres y la administraci\u00f3n de justicia electoral bajo los principios de transparencia, paridad e imparcialidad.<\/p>\n<div class=\"pdfprnt-buttons pdfprnt-buttons-post pdfprnt-bottom-right\"><a href=\"https:\/\/www.tce.gob.ec\/index.php\/wp-json\/wp\/v2\/posts\/9348?print=print\" class=\"pdfprnt-button pdfprnt-button-print\" target=\"_blank\"><span class=\"pdfprnt-button-title pdfprnt-button-print-title\">Imprimir<\/span><\/a><\/div>","protected":false},"excerpt":{"rendered":"<div class=\"entry-summary\">\nEste martes 6 de junio de 2023, en el Paraninfo de la Universidad de Guayaquil, 150 participantes, entre&hellip;\n<\/div>\n<div class=\"link-more\"><a href=\"https:\/\/www.tce.gob.ec\/index.php\/2023\/06\/06\/primer-taller-sobre-violencia-politica-de-genero-se-llevo-con-exito-en-guayaquil\/\" class=\"more-link\">Continuar leyendo<span class=\"screen-reader-text\"> &ldquo;PRIMER TALLER SOBRE VIOLENCIA POL\u00cdTICA DE G\u00c9NERO SE LLEV\u00d3 CON \u00c9XITO EN GUAYAQUIL&rdquo;<\/span>&hellip;<\/a><\/div>\n","protected":false},"author":10,"featured_media":9349,"comment_status":"open","ping_status":"open","sticky":false,"template":"","format":"standard","meta":{"_monsterinsights_skip_tracking":false,"_monsterinsights_sitenote_active":false,"_monsterinsights_sitenote_note":"","_monsterinsights_sitenote_category":0,"footnotes":""},"categories":[30],"tags":[],"table_tags":[],"class_list":["post-9348","post","type-post","status-publish","format-standard","has-post-thumbnail","hentry","category-noticias","entry"],"amp_enabled":true,"_links":{"self":[{"href":"https:\/\/www.tce.gob.ec\/index.php\/wp-json\/wp\/v2\/posts\/9348","targetHints":{"allow":["GET"]}}],"collection":[{"href":"https:\/\/www.tce.gob.ec\/index.php\/wp-json\/wp\/v2\/posts"}],"about":[{"href":"https:\/\/www.tce.gob.ec\/index.php\/wp-json\/wp\/v2\/types\/post"}],"author":[{"embeddable":true,"href":"https:\/\/www.tce.gob.ec\/index.php\/wp-json\/wp\/v2\/users\/10"}],"replies":[{"embeddable":true,"href":"https:\/\/www.tce.gob.ec\/index.php\/wp-json\/wp\/v2\/comments?post=9348"}],"version-history":[{"count":1,"href":"https:\/\/www.tce.gob.ec\/index.php\/wp-json\/wp\/v2\/posts\/9348\/revisions"}],"predecessor-version":[{"id":9353,"href":"https:\/\/www.tce.gob.ec\/index.php\/wp-json\/wp\/v2\/posts\/9348\/revisions\/9353"}],"wp:featuredmedia":[{"embeddable":true,"href":"https:\/\/www.tce.gob.ec\/index.php\/wp-json\/wp\/v2\/media\/9349"}],"wp:attachment":[{"href":"https:\/\/www.tce.gob.ec\/index.php\/wp-json\/wp\/v2\/media?parent=9348"}],"wp:term":[{"taxonomy":"category","embeddable":true,"href":"https:\/\/www.tce.gob.ec\/index.php\/wp-json\/wp\/v2\/categories?post=9348"},{"taxonomy":"post_tag","embeddable":true,"href":"https:\/\/www.tce.gob.ec\/index.php\/wp-json\/wp\/v2\/tags?post=9348"},{"taxonomy":"table_tags","embeddable":true,"href":"https:\/\/www.tce.gob.ec\/index.php\/wp-json\/wp\/v2\/table_tags?post=9348"}],"curies":[{"name":"wp","href":"https:\/\/api.w.org\/{rel}","templated":true}]}}