{"id":9391,"date":"2023-06-15T15:53:59","date_gmt":"2023-06-15T20:53:59","guid":{"rendered":"https:\/\/www.tce.gob.ec\/?p=9391"},"modified":"2023-06-15T15:54:05","modified_gmt":"2023-06-15T20:54:05","slug":"en-macas-el-tce-y-pnud-continuan-con-los-talleres-sobre-violencia-politica-de-genero","status":"publish","type":"post","link":"https:\/\/www.tce.gob.ec\/index.php\/2023\/06\/15\/en-macas-el-tce-y-pnud-continuan-con-los-talleres-sobre-violencia-politica-de-genero\/","title":{"rendered":"EN MACAS, EL TCE Y PNUD CONTIN\u00daAN CON LOS TALLERES SOBRE VIOLENCIA POL\u00cdTICA DE G\u00c9NERO"},"content":{"rendered":"\n<p>El objetivo principal de estos talleres es capacitar a: Defensores P\u00fablicos; Defensor\u00eda del Pueblo; Consultorios Jur\u00eddicos de universidades; abogados, y Organizaciones de la Sociedad Civil, sobre la correcta aplicaci\u00f3n de la ley electoral en torno a la violencia pol\u00edtica y su respectiva sociabilizaci\u00f3n sobre el acceso a la justicia para posibles casos vinculados a este tipo de infracci\u00f3n.<\/p>\n\n\n\n<p><strong>Este jueves 22 de junio de 2023<\/strong>, <strong>Macas ser\u00e1 el punto de encuentro <\/strong>del taller: <strong>\u201cEstrategias de divulgaci\u00f3n sobre normativa en torno a la violencia pol\u00edtica de g\u00e9nero&#8221;<\/strong>, en el que tambi\u00e9n analizaremos las causas m\u00e1s relevantes sobre esta tem\u00e1tica, conocidas y resueltas por el Tribunal Contencioso Electoral (TCE), cumpliendo con una de las competencias exclusivas de esta instituci\u00f3n que es la de capacitar y difundir aspectos relacionados con la normativa electoral.<\/p>\n\n\n\n<p>Funcionarios del TCE, as\u00ed como t\u00e9cnicos del PNUD, ser\u00e1n los encargados de dictar este taller que se desarrollar\u00e1 en:&nbsp; <a><\/a><\/p>\n\n\n\n<ul class=\"wp-block-list\"><li><strong>Macas<\/strong>.<\/li><li><strong>Lugar:<\/strong> Delegaci\u00f3n Provincial Electoral de Morona Santiago.<\/li><li><strong>Direcci\u00f3n:<\/strong> Manuel Moncayo y 24 de Mayo.<\/li><li><strong>Fecha:<\/strong> jueves, 22 de junio de 2023.<\/li><li><strong>Hora:<\/strong> 09:00.<\/li><\/ul>\n\n\n\n<p>Este ciclo de capacitaciones, que ya se realizaron en Guayaquil y en Portoviejo, es organizado por <strong>el TCE y por el Programa de las Naciones Unidas para el Desarrollo (PNUD).<\/strong><\/p>\n\n\n\n<p>Para m\u00e1s informaci\u00f3n te invitamos a seguirnos en nuestras redes sociales:<\/p>\n\n\n\n<ul class=\"wp-block-list\"><li><strong>Twitter:<\/strong> @TCE_Ecuador<\/li><li><strong>Facebook:<\/strong> Tribunal Contencioso Electoral<\/li><\/ul>\n<div class=\"pdfprnt-buttons pdfprnt-buttons-post pdfprnt-bottom-right\"><a href=\"https:\/\/www.tce.gob.ec\/index.php\/wp-json\/wp\/v2\/posts\/9391?print=print\" class=\"pdfprnt-button pdfprnt-button-print\" target=\"_blank\"><span class=\"pdfprnt-button-title pdfprnt-button-print-title\">Imprimir<\/span><\/a><\/div>","protected":false},"excerpt":{"rendered":"<div class=\"entry-summary\">\nEl objetivo principal de estos talleres es capacitar a: Defensores P\u00fablicos; Defensor\u00eda del Pueblo; Consultorios Jur\u00eddicos de universidades;&hellip;\n<\/div>\n<div class=\"link-more\"><a href=\"https:\/\/www.tce.gob.ec\/index.php\/2023\/06\/15\/en-macas-el-tce-y-pnud-continuan-con-los-talleres-sobre-violencia-politica-de-genero\/\" class=\"more-link\">Continuar leyendo<span class=\"screen-reader-text\"> &ldquo;EN MACAS, EL TCE Y PNUD CONTIN\u00daAN CON LOS TALLERES SOBRE VIOLENCIA POL\u00cdTICA DE G\u00c9NERO&rdquo;<\/span>&hellip;<\/a><\/div>\n","protected":false},"author":10,"featured_media":9392,"comment_status":"closed","ping_status":"closed","sticky":false,"template":"","format":"standard","meta":{"_monsterinsights_skip_tracking":false,"_monsterinsights_sitenote_active":false,"_monsterinsights_sitenote_note":"","_monsterinsights_sitenote_category":0,"footnotes":""},"categories":[30],"tags":[],"table_tags":[],"class_list":["post-9391","post","type-post","status-publish","format-standard","has-post-thumbnail","hentry","category-noticias","entry"],"amp_enabled":true,"_links":{"self":[{"href":"https:\/\/www.tce.gob.ec\/index.php\/wp-json\/wp\/v2\/posts\/9391","targetHints":{"allow":["GET"]}}],"collection":[{"href":"https:\/\/www.tce.gob.ec\/index.php\/wp-json\/wp\/v2\/posts"}],"about":[{"href":"https:\/\/www.tce.gob.ec\/index.php\/wp-json\/wp\/v2\/types\/post"}],"author":[{"embeddable":true,"href":"https:\/\/www.tce.gob.ec\/index.php\/wp-json\/wp\/v2\/users\/10"}],"replies":[{"embeddable":true,"href":"https:\/\/www.tce.gob.ec\/index.php\/wp-json\/wp\/v2\/comments?post=9391"}],"version-history":[{"count":1,"href":"https:\/\/www.tce.gob.ec\/index.php\/wp-json\/wp\/v2\/posts\/9391\/revisions"}],"predecessor-version":[{"id":9393,"href":"https:\/\/www.tce.gob.ec\/index.php\/wp-json\/wp\/v2\/posts\/9391\/revisions\/9393"}],"wp:featuredmedia":[{"embeddable":true,"href":"https:\/\/www.tce.gob.ec\/index.php\/wp-json\/wp\/v2\/media\/9392"}],"wp:attachment":[{"href":"https:\/\/www.tce.gob.ec\/index.php\/wp-json\/wp\/v2\/media?parent=9391"}],"wp:term":[{"taxonomy":"category","embeddable":true,"href":"https:\/\/www.tce.gob.ec\/index.php\/wp-json\/wp\/v2\/categories?post=9391"},{"taxonomy":"post_tag","embeddable":true,"href":"https:\/\/www.tce.gob.ec\/index.php\/wp-json\/wp\/v2\/tags?post=9391"},{"taxonomy":"table_tags","embeddable":true,"href":"https:\/\/www.tce.gob.ec\/index.php\/wp-json\/wp\/v2\/table_tags?post=9391"}],"curies":[{"name":"wp","href":"https:\/\/api.w.org\/{rel}","templated":true}]}}