{"id":9557,"date":"2023-06-30T17:05:50","date_gmt":"2023-06-30T22:05:50","guid":{"rendered":"https:\/\/www.tce.gob.ec\/?p=9557"},"modified":"2023-06-30T17:05:55","modified_gmt":"2023-06-30T22:05:55","slug":"el-tce-realizo-taller-para-la-implementacion-de-estrategia-comunicacional","status":"publish","type":"post","link":"https:\/\/www.tce.gob.ec\/index.php\/2023\/06\/30\/el-tce-realizo-taller-para-la-implementacion-de-estrategia-comunicacional\/","title":{"rendered":"EL TCE REALIZ\u00d3 TALLER PARA LA IMPLEMENTACI\u00d3N DE ESTRATEGIA COMUNICACIONAL"},"content":{"rendered":"\n<p>La comunicaci\u00f3n es uno de los ejes fundamentales para el fortalecimiento y posicionamiento de la imagen institucional, es por eso que, a trav\u00e9s de la cooperaci\u00f3n internacional brindada por el Programa de las Naciones Unidas para el Desarrollo, con el apoyo de la Uni\u00f3n Europea en Ecuador, la Agencia Espa\u00f1ola de Cooperaci\u00f3n Internacional para el Desarrollo y la Embajada de Suiza en Ecuador, se llev\u00f3 a cabo este viernes 30 de junio de 2023, en el hotel R\u00edo Amazonas, el Taller para la Implementaci\u00f3n de la Estrategia Comunicacional y Gesti\u00f3n del Cambio del Tribunal Contencioso Electoral.<\/p>\n\n\n\n<figure class=\"wp-block-image size-large\"><img loading=\"lazy\" decoding=\"async\" width=\"1160\" height=\"692\" src=\"https:\/\/www.tce.gob.ec\/wp-content\/uploads\/2023\/06\/WhatsApp-Image-2023-06-30-at-4.54.52-PM-1160x692.jpeg\" alt=\"\" class=\"wp-image-9559\" srcset=\"https:\/\/www.tce.gob.ec\/wp-content\/uploads\/2023\/06\/WhatsApp-Image-2023-06-30-at-4.54.52-PM-1160x692.jpeg 1160w, https:\/\/www.tce.gob.ec\/wp-content\/uploads\/2023\/06\/WhatsApp-Image-2023-06-30-at-4.54.52-PM-719x429.jpeg 719w, https:\/\/www.tce.gob.ec\/wp-content\/uploads\/2023\/06\/WhatsApp-Image-2023-06-30-at-4.54.52-PM-768x458.jpeg 768w, https:\/\/www.tce.gob.ec\/wp-content\/uploads\/2023\/06\/WhatsApp-Image-2023-06-30-at-4.54.52-PM-1536x916.jpeg 1536w, https:\/\/www.tce.gob.ec\/wp-content\/uploads\/2023\/06\/WhatsApp-Image-2023-06-30-at-4.54.52-PM.jpeg 1600w\" sizes=\"auto, (max-width: 1160px) 100vw, 1160px\" \/><\/figure>\n\n\n\n<p>En este espacio participaron la jueza y jueces principales del tribunal, asesores de los despachos de los magistrados, directores y servidores de las Unidades de Talento Humano, Planificaci\u00f3n, Comunicaci\u00f3n Social y de la Direcci\u00f3n de Investigaci\u00f3n Contencioso Electoral, quienes conocieron de cerca la estrategia de comunicaci\u00f3n que se implementar\u00e1 en beneficio de la instituci\u00f3n.<\/p>\n\n\n\n<p>Asimismo, como parte del Proyecto de Apoyo al Ciclo Electoral, la asistencia t\u00e9cnica y metodol\u00f3gica estuvo a cargo del PNUD, mientras que el abordaje de la tem\u00e1tica de gesti\u00f3n de cambio fue realizada por especialistas de Talento Humano del Ministerio de Trabajo, quienes facilitaron, a trav\u00e9s de un an\u00e1lisis y propuestas, elementos esenciales para la transformaci\u00f3n comunicacional del tribunal.<\/p>\n\n\n\n<figure class=\"wp-block-image size-large\"><img loading=\"lazy\" decoding=\"async\" width=\"1160\" height=\"703\" src=\"https:\/\/www.tce.gob.ec\/wp-content\/uploads\/2023\/06\/foto-2-1160x703.jpeg\" alt=\"\" class=\"wp-image-9560\" srcset=\"https:\/\/www.tce.gob.ec\/wp-content\/uploads\/2023\/06\/foto-2-1160x703.jpeg 1160w, https:\/\/www.tce.gob.ec\/wp-content\/uploads\/2023\/06\/foto-2-719x436.jpeg 719w, https:\/\/www.tce.gob.ec\/wp-content\/uploads\/2023\/06\/foto-2-768x466.jpeg 768w, https:\/\/www.tce.gob.ec\/wp-content\/uploads\/2023\/06\/foto-2-1536x931.jpeg 1536w, https:\/\/www.tce.gob.ec\/wp-content\/uploads\/2023\/06\/foto-2.jpeg 1600w\" sizes=\"auto, (max-width: 1160px) 100vw, 1160px\" \/><\/figure>\n\n\n\n<p>El Dr. Fernando Mu\u00f1oz, presidente del TCE, dio la bienvenida a este taller y se\u00f1al\u00f3 la importancia que tiene la comunicaci\u00f3n para el desarrollo institucional, adem\u00e1s, manifest\u00f3 que contar con una buena estrategia permite combatir la desinformaci\u00f3n y posibilita a la ciudadan\u00eda tener informaci\u00f3n veraz y sistematizada sobre la resoluci\u00f3n de las causas que ingresan a esta instituci\u00f3n. De igual manera, agradeci\u00f3 la colaboraci\u00f3n del PNUD por la gu\u00eda t\u00e9cnica y profesional, la misma que ha permitido encaminar el desarrollo de adecuada comunicaci\u00f3n interna y externa.<\/p>\n\n\n\n<p>Por su parte, Pablo Galarce, asesor t\u00e9cnico del PNUD, destac\u00f3 que trabajar en estrategias de largo plazo permite fortalecer la imagen institucional del TCE.<\/p>\n\n\n\n<p>Dentro del taller fue importante conocer las metas e indicadores de la estrategia, con el objetivo de parametrizar el adecuado manejo de la comunicaci\u00f3n interna y externa de la instituci\u00f3n.<\/p>\n\n\n\n<figure class=\"wp-block-image size-large\"><img loading=\"lazy\" decoding=\"async\" width=\"1160\" height=\"624\" src=\"https:\/\/www.tce.gob.ec\/wp-content\/uploads\/2023\/06\/WhatsApp-Image-2023-06-30-at-4.54.53-PM1-1160x624.jpeg\" alt=\"\" class=\"wp-image-9561\" srcset=\"https:\/\/www.tce.gob.ec\/wp-content\/uploads\/2023\/06\/WhatsApp-Image-2023-06-30-at-4.54.53-PM1-1160x624.jpeg 1160w, https:\/\/www.tce.gob.ec\/wp-content\/uploads\/2023\/06\/WhatsApp-Image-2023-06-30-at-4.54.53-PM1-719x387.jpeg 719w, https:\/\/www.tce.gob.ec\/wp-content\/uploads\/2023\/06\/WhatsApp-Image-2023-06-30-at-4.54.53-PM1-768x413.jpeg 768w, https:\/\/www.tce.gob.ec\/wp-content\/uploads\/2023\/06\/WhatsApp-Image-2023-06-30-at-4.54.53-PM1-1536x827.jpeg 1536w, https:\/\/www.tce.gob.ec\/wp-content\/uploads\/2023\/06\/WhatsApp-Image-2023-06-30-at-4.54.53-PM1.jpeg 1600w\" sizes=\"auto, (max-width: 1160px) 100vw, 1160px\" \/><\/figure>\n\n\n\n<p>Es importante se\u00f1alar que la cooperaci\u00f3n entre las distintas \u00e1reas que conforman el TCE, es vital para el desarrollo e implementaci\u00f3n adecuada de las estrategias comunicacionales, esto con el fin de trabajar en conjunto para fortalecer la identidad institucional, el posicionamiento dentro de la colectividad y sobre todo brindar un servicio de calidad y calidez a la ciudadan\u00eda.<\/p>\n\n\n\n<p>\u00a1En el TCE garantizamos democracia!<\/p>\n<div class=\"pdfprnt-buttons pdfprnt-buttons-post pdfprnt-bottom-right\"><a href=\"https:\/\/www.tce.gob.ec\/index.php\/wp-json\/wp\/v2\/posts\/9557?print=print\" class=\"pdfprnt-button pdfprnt-button-print\" target=\"_blank\"><span class=\"pdfprnt-button-title pdfprnt-button-print-title\">Imprimir<\/span><\/a><\/div>","protected":false},"excerpt":{"rendered":"<div class=\"entry-summary\">\nLa comunicaci\u00f3n es uno de los ejes fundamentales para el fortalecimiento y posicionamiento de la imagen institucional, es&hellip;\n<\/div>\n<div class=\"link-more\"><a href=\"https:\/\/www.tce.gob.ec\/index.php\/2023\/06\/30\/el-tce-realizo-taller-para-la-implementacion-de-estrategia-comunicacional\/\" class=\"more-link\">Continuar leyendo<span class=\"screen-reader-text\"> &ldquo;EL TCE REALIZ\u00d3 TALLER PARA LA IMPLEMENTACI\u00d3N DE ESTRATEGIA COMUNICACIONAL&rdquo;<\/span>&hellip;<\/a><\/div>\n","protected":false},"author":10,"featured_media":9558,"comment_status":"closed","ping_status":"closed","sticky":false,"template":"","format":"standard","meta":{"_monsterinsights_skip_tracking":false,"_monsterinsights_sitenote_active":false,"_monsterinsights_sitenote_note":"","_monsterinsights_sitenote_category":0,"footnotes":""},"categories":[30],"tags":[],"table_tags":[],"class_list":["post-9557","post","type-post","status-publish","format-standard","has-post-thumbnail","hentry","category-noticias","entry"],"amp_enabled":true,"_links":{"self":[{"href":"https:\/\/www.tce.gob.ec\/index.php\/wp-json\/wp\/v2\/posts\/9557","targetHints":{"allow":["GET"]}}],"collection":[{"href":"https:\/\/www.tce.gob.ec\/index.php\/wp-json\/wp\/v2\/posts"}],"about":[{"href":"https:\/\/www.tce.gob.ec\/index.php\/wp-json\/wp\/v2\/types\/post"}],"author":[{"embeddable":true,"href":"https:\/\/www.tce.gob.ec\/index.php\/wp-json\/wp\/v2\/users\/10"}],"replies":[{"embeddable":true,"href":"https:\/\/www.tce.gob.ec\/index.php\/wp-json\/wp\/v2\/comments?post=9557"}],"version-history":[{"count":1,"href":"https:\/\/www.tce.gob.ec\/index.php\/wp-json\/wp\/v2\/posts\/9557\/revisions"}],"predecessor-version":[{"id":9562,"href":"https:\/\/www.tce.gob.ec\/index.php\/wp-json\/wp\/v2\/posts\/9557\/revisions\/9562"}],"wp:featuredmedia":[{"embeddable":true,"href":"https:\/\/www.tce.gob.ec\/index.php\/wp-json\/wp\/v2\/media\/9558"}],"wp:attachment":[{"href":"https:\/\/www.tce.gob.ec\/index.php\/wp-json\/wp\/v2\/media?parent=9557"}],"wp:term":[{"taxonomy":"category","embeddable":true,"href":"https:\/\/www.tce.gob.ec\/index.php\/wp-json\/wp\/v2\/categories?post=9557"},{"taxonomy":"post_tag","embeddable":true,"href":"https:\/\/www.tce.gob.ec\/index.php\/wp-json\/wp\/v2\/tags?post=9557"},{"taxonomy":"table_tags","embeddable":true,"href":"https:\/\/www.tce.gob.ec\/index.php\/wp-json\/wp\/v2\/table_tags?post=9557"}],"curies":[{"name":"wp","href":"https:\/\/api.w.org\/{rel}","templated":true}]}}