{"id":9843,"date":"2023-08-18T12:30:12","date_gmt":"2023-08-18T17:30:12","guid":{"rendered":"https:\/\/www.tce.gob.ec\/?p=9843"},"modified":"2023-08-18T12:30:17","modified_gmt":"2023-08-18T17:30:17","slug":"el-tce-difunde-sus-acciones-de-administracion-de-justicia-electoral-ante-observadores-electorales-internacionales","status":"publish","type":"post","link":"https:\/\/www.tce.gob.ec\/index.php\/2023\/08\/18\/el-tce-difunde-sus-acciones-de-administracion-de-justicia-electoral-ante-observadores-electorales-internacionales\/","title":{"rendered":"EL TCE DIFUNDE SUS ACCIONES DE ADMINISTRACI\u00d3N DE JUSTICIA ELECTORAL ANTE OBSERVADORES ELECTORALES INTERNACIONALES"},"content":{"rendered":"\n<p>Este viernes 18 de agosto de 2023, en el Hotel Dann Carlton de Quito, el presidente del Tribunal Contencioso Electoral, Dr. Fernando Mu\u00f1oz, junto a los miembros del Programa de Observaci\u00f3n Electoral Internacional, participaron de un evento en el que se dio a conocer a las acciones realizadas por la Funci\u00f3n Electoral, en el contexto de este proceso de Elecciones Presidenciales, Legislativas Anticipadas 2023 y Consultas Populares del Yasun\u00ed y el Choc\u00f3 Andino, que se llevar\u00e1n a cabo este domingo 20 de agosto a nivel nacional.<\/p>\n\n\n\n<p>El Dr. Fernando Mu\u00f1oz, en su ponencia, habl\u00f3 sobre la administraci\u00f3n de la justicia electoral en el Ecuador, aqu\u00ed desarroll\u00f3 algunos puntos centrales referidos a las funciones del TCE y su importancia; asimismo, dio a conocer los medios de impugnaci\u00f3n que los actores pol\u00edticos pueden presentar ante el Tribunal en caso de que sus derechos de participaci\u00f3n sean vulnerados; las infracciones electorales, su procedimiento jur\u00eddico y las sanciones; las campa\u00f1as que se han llevado a cabo en colaboraci\u00f3n conjunta con el Programa de las Naciones Unidas para el Desarrollo (PNUD), en las ciudades de Guayaquil, Portoviejo, Macas y Cuenca, para socializar la normativa vigente, especialmente en temas relacionados con la Violencia Pol\u00edtica de G\u00e9nero.<\/p>\n\n\n\n<figure class=\"wp-block-gallery columns-1 is-cropped wp-block-gallery-1 is-layout-flex wp-block-gallery-is-layout-flex\"><ul class=\"blocks-gallery-grid\"><li class=\"blocks-gallery-item\"><figure><img loading=\"lazy\" decoding=\"async\" width=\"1024\" height=\"463\" src=\"https:\/\/www.tce.gob.ec\/wp-content\/uploads\/2023\/08\/Foto-2-MOE.jpeg\" alt=\"\" data-id=\"9845\" data-full-url=\"https:\/\/www.tce.gob.ec\/wp-content\/uploads\/2023\/08\/Foto-2-MOE.jpeg\" data-link=\"https:\/\/www.tce.gob.ec\/?attachment_id=9845\" class=\"wp-image-9845\" srcset=\"https:\/\/www.tce.gob.ec\/wp-content\/uploads\/2023\/08\/Foto-2-MOE.jpeg 1024w, https:\/\/www.tce.gob.ec\/wp-content\/uploads\/2023\/08\/Foto-2-MOE-719x325.jpeg 719w, https:\/\/www.tce.gob.ec\/wp-content\/uploads\/2023\/08\/Foto-2-MOE-768x347.jpeg 768w\" sizes=\"auto, (max-width: 1024px) 100vw, 1024px\" \/><\/figure><\/li><\/ul><\/figure>\n\n\n\n<p>Posteriormente, se\u00f1al\u00f3 el n\u00famero de causas presentadas desde la declaratoria del periodo electoral, en las que se ingresaron 73 causas, 35 de ellas sobre Elecciones Anticipadas y 38 sobre otros recursos, acciones o denuncias, todas ellas resueltas bajo los principios de probidad y celeridad que exigi\u00f3 la coyuntura actual.<\/p>\n\n\n\n<p>Para finalizar su intervenci\u00f3n, el presidente dio a conocer las estrategias de divulgaci\u00f3n que desarrolla este \u00f3rgano de administraci\u00f3n de justicia electoral como son:<\/p>\n\n\n\n<ul class=\"wp-block-list\"><li>Cursos <em>e-learning<\/em>: en el que se ha difundido la normativa electoral. Para este a\u00f1o se realizar\u00e1 un curso en l\u00ednea sobre la Violencia Pol\u00edtica de G\u00e9nero, su acceso a la justicia y sanciones.<\/li><li>Publicaci\u00f3n de revistas y boletines especializados en materia electoral, los que han impulsado el estudio e investigaci\u00f3n de profesionales en Derecho, estudiantes y ciudadan\u00eda en general.<\/li><li>Difusi\u00f3n y transmisi\u00f3n de sesiones jurisdiccionales, administrativas y audiencias que lleva a cabo el Pleno, a trav\u00e9s de YouTube, obedeciendo con lo que estipula la actual Ley para la Transformaci\u00f3n Digital y Audiovisual.<\/li><li>Difusi\u00f3n de las actividades y acciones del TCE, a trav\u00e9s de las redes sociales en las que se ha publicado infograf\u00edas de causas destacadas resueltas por el Pleno, calendario de audiencias y sesiones, noticias, entre otros.<\/li><\/ul>\n\n\n\n<p>En la ronda de preguntas, los observadores internacionales hicieron varios cuestionamientos acerca de la divisi\u00f3n entre el \u00f3rgano administrativo y judicial de la Funci\u00f3n Electoral, sobre la normativa aplicada en casos de Violencia Pol\u00edtica de G\u00e9nero, entre otras, dudas solventadas por el Dr. Mu\u00f1oz, quien ejemplific\u00f3 algunas casos resueltos.<\/p>\n\n\n\n<figure class=\"wp-block-image size-full\"><img loading=\"lazy\" decoding=\"async\" width=\"1024\" height=\"709\" src=\"https:\/\/www.tce.gob.ec\/wp-content\/uploads\/2023\/08\/Foto-3-MOE.jpeg\" alt=\"\" class=\"wp-image-9846\" srcset=\"https:\/\/www.tce.gob.ec\/wp-content\/uploads\/2023\/08\/Foto-3-MOE.jpeg 1024w, https:\/\/www.tce.gob.ec\/wp-content\/uploads\/2023\/08\/Foto-3-MOE-719x498.jpeg 719w, https:\/\/www.tce.gob.ec\/wp-content\/uploads\/2023\/08\/Foto-3-MOE-768x532.jpeg 768w\" sizes=\"auto, (max-width: 1024px) 100vw, 1024px\" \/><\/figure>\n\n\n\n<p>Desde el Tribunal Contencioso Electoral trabajamos a favor de la democracia, garantizando los derechos pol\u00edticos de las y los ecuatorianos; asimismo, generamos espacios de participaci\u00f3n activa en el que la ciudadan\u00eda, a trav\u00e9s del pensamiento cr\u00edtico, tenga acceso a una tutela efectiva y conocimiento de la Ley.<\/p>\n\n\n\n<p>\u00a1En el TCE garantizamos democracia!<\/p>\n<div class=\"pdfprnt-buttons pdfprnt-buttons-post pdfprnt-bottom-right\"><a href=\"https:\/\/www.tce.gob.ec\/index.php\/wp-json\/wp\/v2\/posts\/9843?print=print\" class=\"pdfprnt-button pdfprnt-button-print\" target=\"_blank\"><span class=\"pdfprnt-button-title pdfprnt-button-print-title\">Imprimir<\/span><\/a><\/div>","protected":false},"excerpt":{"rendered":"<div class=\"entry-summary\">\nEste viernes 18 de agosto de 2023, en el Hotel Dann Carlton de Quito, el presidente del Tribunal&hellip;\n<\/div>\n<div class=\"link-more\"><a href=\"https:\/\/www.tce.gob.ec\/index.php\/2023\/08\/18\/el-tce-difunde-sus-acciones-de-administracion-de-justicia-electoral-ante-observadores-electorales-internacionales\/\" class=\"more-link\">Continuar leyendo<span class=\"screen-reader-text\"> &ldquo;EL TCE DIFUNDE SUS ACCIONES DE ADMINISTRACI\u00d3N DE JUSTICIA ELECTORAL ANTE OBSERVADORES ELECTORALES INTERNACIONALES&rdquo;<\/span>&hellip;<\/a><\/div>\n","protected":false},"author":10,"featured_media":9844,"comment_status":"closed","ping_status":"closed","sticky":false,"template":"","format":"standard","meta":{"_monsterinsights_skip_tracking":false,"_monsterinsights_sitenote_active":false,"_monsterinsights_sitenote_note":"","_monsterinsights_sitenote_category":0,"footnotes":""},"categories":[30],"tags":[],"table_tags":[],"class_list":["post-9843","post","type-post","status-publish","format-standard","has-post-thumbnail","hentry","category-noticias","entry"],"amp_enabled":true,"_links":{"self":[{"href":"https:\/\/www.tce.gob.ec\/index.php\/wp-json\/wp\/v2\/posts\/9843","targetHints":{"allow":["GET"]}}],"collection":[{"href":"https:\/\/www.tce.gob.ec\/index.php\/wp-json\/wp\/v2\/posts"}],"about":[{"href":"https:\/\/www.tce.gob.ec\/index.php\/wp-json\/wp\/v2\/types\/post"}],"author":[{"embeddable":true,"href":"https:\/\/www.tce.gob.ec\/index.php\/wp-json\/wp\/v2\/users\/10"}],"replies":[{"embeddable":true,"href":"https:\/\/www.tce.gob.ec\/index.php\/wp-json\/wp\/v2\/comments?post=9843"}],"version-history":[{"count":1,"href":"https:\/\/www.tce.gob.ec\/index.php\/wp-json\/wp\/v2\/posts\/9843\/revisions"}],"predecessor-version":[{"id":9847,"href":"https:\/\/www.tce.gob.ec\/index.php\/wp-json\/wp\/v2\/posts\/9843\/revisions\/9847"}],"wp:featuredmedia":[{"embeddable":true,"href":"https:\/\/www.tce.gob.ec\/index.php\/wp-json\/wp\/v2\/media\/9844"}],"wp:attachment":[{"href":"https:\/\/www.tce.gob.ec\/index.php\/wp-json\/wp\/v2\/media?parent=9843"}],"wp:term":[{"taxonomy":"category","embeddable":true,"href":"https:\/\/www.tce.gob.ec\/index.php\/wp-json\/wp\/v2\/categories?post=9843"},{"taxonomy":"post_tag","embeddable":true,"href":"https:\/\/www.tce.gob.ec\/index.php\/wp-json\/wp\/v2\/tags?post=9843"},{"taxonomy":"table_tags","embeddable":true,"href":"https:\/\/www.tce.gob.ec\/index.php\/wp-json\/wp\/v2\/table_tags?post=9843"}],"curies":[{"name":"wp","href":"https:\/\/api.w.org\/{rel}","templated":true}]}}